{"id":98335,"date":"2024-12-10T19:03:07","date_gmt":"2024-12-10T19:03:07","guid":{"rendered":"https:\/\/rdnews.al\/?p=98335"},"modified":"2024-12-10T19:03:07","modified_gmt":"2024-12-10T19:03:07","slug":"berisha-tani-eshte-vrapi-drejt-fitores-edi-rama-eshte-ne-rreth-te-kuq","status":"publish","type":"post","link":"https:\/\/rdnews.al\/index.php\/2024\/12\/10\/berisha-tani-eshte-vrapi-drejt-fitores-edi-rama-eshte-ne-rreth-te-kuq\/","title":{"rendered":"Berisha: Tani \u00ebsht\u00eb vrapi drejt fitores! Edi Rama \u00ebsht\u00eb n\u00eb rreth t\u00eb kuq!"},"content":{"rendered":"<p>Lideri i opozit\u00ebs, Sali Berisha, gjat\u00eb\u00a0takimit me drejtuesit e grupeve t\u00eb pun\u00ebs p\u00ebr Qarkun e Tiran\u00ebs, ka theksuar r\u00ebnd\u00ebsin\u00eb e p\u00ebrmir\u00ebsimit t\u00eb gjendjes ekonomike dhe sociale t\u00eb qytetar\u00ebve shqiptar\u00eb.<\/p>\n<p>Ai ka kritikuar ashp\u00ebr qeverin\u00eb p\u00ebr korrupsion dhe keqmenaxhim, duke p\u00ebrmendur rastet e shfryt\u00ebzimit t\u00eb pasurive publike n\u00eb favor t\u00eb oligark\u00ebve. Berisha ka v\u00ebn\u00eb n\u00eb dukje ndikimin negativ t\u00eb politikave aktuale n\u00eb turiz\u00ebm, ekonomin\u00eb familjare dhe jet\u00ebn e p\u00ebrditshme t\u00eb qytetar\u00ebve.<\/p>\n<p>Berisha ka b\u00ebr\u00eb thirrje p\u00ebr dialog dhe mobilizim, duke shprehur besim n\u00eb fitoren e opozit\u00ebs.<\/p>\n<p>\u201cPra, n\u00eb t\u00ebr\u00ebsi ne do u flasim shqiptar\u00ebve p\u00ebr jet\u00ebn e tyre t\u00eb p\u00ebrditshme, p\u00ebr gjendjen e tyre ekonomike t\u00eb p\u00ebrditshme.<\/p>\n<p>Do t\u2019i garantojm\u00eb se pasurit\u00eb publike do shnd\u00ebrrohen n\u00eb mir\u00ebsi p\u00ebr ta.<\/p>\n<p>E pat\u00eb ju Lubin\u00eb, u b\u00eb nj\u00eb z\u00ebdh\u00ebn\u00ebse e Kastratit, kishte hipur n\u00eb nj\u00eb podium aty dhe recitonte se u b\u00ebn\u00eb 10 milion\u00eb pasagjer\u00eb. Dhe ky ishte suksesi i saj.<\/p>\n<p>Nj\u00eb turist si n\u00eb asnj\u00eb vend tjet\u00ebr i kushton atij pensionistit, t\u00eb pun\u00ebsuarit, t\u00eb papunit, biznesmenit, 230 euro n\u00eb vit.<\/p>\n<p>Kurse ai merr prej turistit 4 euro n\u00eb vit. Kjo nuk ka r\u00ebnd\u00ebsi, sepse Edi Rama me investitor\u00ebt e tij strategjike shpenzon \u00e7do vit 430 milion\u00eb euro p\u00ebr t\u00eb mb\u00ebshtetur investitor\u00ebt e tij strategjik\u00eb, n\u00eb nj\u00eb koh\u00eb kur shitjet e p\u00ebrgjithshme dhe fitimet nga turizmi ishin gjithsej 8 milion\u00eb euro.<\/p>\n<p>E kuptoni se \u00e7\u2019ndodh apo jo?<\/p>\n<p>Kurse k\u00ebta i kan\u00eb shnd\u00ebrruar tele-droga i kan\u00eb b\u00ebr\u00eb, nga m\u00ebngjesi gjer n\u00eb dark\u00eb vet\u00ebm p\u00ebr turizmin flasin p\u00ebr t\u00eb narkotizuar qytetar\u00ebt.<\/p>\n<p>Nuk po ngjallim frym\u00eb anti-turiz\u00ebm, por ky \u00ebsht\u00eb sistemi q\u00eb kan\u00eb vendosur k\u00ebta.<\/p>\n<p>Nuk ka shfryt\u00ebzim m\u00eb t\u00eb eg\u00ebr se ky.<\/p>\n<p>Pra, jan\u00eb emergjente k\u00ebto nd\u00ebrhyrje.<\/p>\n<p>S\u00eb fundmi, un\u00eb dua t\u2019u fal\u00ebnderoj ju dhe t\u00eb gjith\u00eb ata q\u00eb e shnd\u00ebrruan protest\u00ebn n\u00eb \u00e7\u00ebshtjen kryesore.<\/p>\n<p>Protestat e organizuara, rezistenca, q\u00ebndresa kan\u00eb pasur nj\u00eb shp\u00ebrblim bot\u00ebror.<\/p>\n<p>Nga forca politike m\u00eb e izoluar, sikur t\u00eb ishim ne Partia Komuniste e Kores\u00eb s\u00eb Veriut, n\u00eb nj\u00eb koh\u00eb kur ne ishim partia q\u00eb po luftonte dit\u00eb e nat\u00eb p\u00ebr vlerat e liris\u00eb, familjes, dinjitetit, integrimit euroatlantik.<\/p>\n<p>T\u00eb gjitha k\u00ebto b\u00ebn\u00eb q\u00eb z\u00ebri juaj t\u00eb d\u00ebgjohet kudo dhe ajo mjegull me t\u00eb cilin n\u00eb m\u00ebnyr\u00ebn m\u00eb t\u00eb pamerituar na kishin mb\u00ebshtjell\u00eb, u shkri, u zhduk.<\/p>\n<p>Nj\u00eb mir\u00ebnjohje t\u00eb madhe t\u00eb gjitha forcave t\u00eb qendr\u00ebs s\u00eb djatht\u00eb n\u00eb Europ\u00eb, SHBA, Azi, Afrik\u00eb, Oqeani dhe kudo, t\u00eb cil\u00ebt n\u00eb nj\u00eb hark kohor m\u00eb pak se 1 mujor, kan\u00eb votuar tre rezoluta, q\u00eb t\u00eb gjitha duke denoncuar ato \u00e7\u00ebshtje p\u00ebr t\u00eb cilat ju keni protestuar.<\/p>\n<p>Edi Rama \u00ebsht\u00eb n\u00eb rreth t\u00eb kuq.<\/p>\n<p>Ju garantoj se ata q\u00eb i japin dor\u00ebn, do mendohen dy her\u00eb, p\u00ebr t\u00eb mos th\u00ebn\u00eb se do e dezinfektojn\u00eb fill pasi t\u2019ia japin.<\/p>\n<p>Ndaj dhe k\u00ebto rezoluta e rrisin shum\u00eb p\u00ebrgjegj\u00ebsin\u00eb ton\u00eb para miqve tan\u00eb n\u00eb bot\u00eb.<\/p>\n<p>Ata presin nga ne q\u00eb t\u00eb \u00e7lirojm\u00eb shqiptar\u00ebt nga narkodiktatura.<\/p>\n<p>Me rrug\u00ebn q\u00eb kemi zgjedhur, mosbindjen civile.<\/p>\n<p>E them edhe nj\u00ebher\u00eb, diktaturat hiqen ose me arm\u00eb, ose me mosbindje civile.<\/p>\n<p>Ne nuk jemi p\u00ebr gjakderdhje dhe arm\u00eb. Jo. Ne jemi p\u00ebr mosbindje civile, kjo \u00ebsht\u00eb rruga jon\u00eb. Kemi qen\u00eb dh\u00eb t\u00eb till\u00eb do mbetemi. Jemi parti demokratike.<\/p>\n<p>Por t\u00eb mos mendoj\u00eb kush se mund t\u2019i rezistoj\u00eb mosbindjes civile.<\/p>\n<p>Ndaj dhe e soll\u00ebm gjer k\u00ebtu, tani \u00ebsht\u00eb vrapi drejt fitores.<\/p>\n<p>Drejt fitores do ecim me nj\u00eb dialog intensiv me shqiptar\u00ebt p\u00ebr problemet e tyre dhe me nj\u00eb protest\u00eb t\u00eb fuqishme, nj\u00eb mosbindje civile q\u00eb do e lemeris\u00eb \u00e7do dit\u00eb e m\u00eb shum\u00eb narkodiktatorin Edi Rama dhe organizat\u00ebn e tij kriminale\u201d, u shpreh Berisha.<\/p>\n","protected":false},"excerpt":{"rendered":"<p>Lideri i opozit\u00ebs, Sali Berisha, gjat\u00eb\u00a0takimit me drejtuesit e grupeve t\u00eb pun\u00ebs p\u00ebr Qarkun e Tiran\u00ebs, ka theksuar r\u00ebnd\u00ebsin\u00eb e p\u00ebrmir\u00ebsimit t\u00eb gjendjes ekonomike dhe sociale t\u00eb qytetar\u00ebve shqiptar\u00eb. Ai ka kritikuar ashp\u00ebr qeverin\u00eb p\u00ebr korrupsion dhe keqmenaxhim, duke p\u00ebrmendur rastet e shfryt\u00ebzimit t\u00eb pasurive publike n\u00eb favor t\u00eb oligark\u00ebve. Berisha ka v\u00ebn\u00eb n\u00eb dukje &hellip;<\/p>\n","protected":false},"author":4,"featured_media":98336,"comment_status":"closed","ping_status":"closed","sticky":false,"template":"","format":"standard","meta":{"footnotes":""},"categories":[37],"tags":[],"class_list":["post-98335","post","type-post","status-publish","format-standard","has-post-thumbnail","","category-politike"],"_links":{"self":[{"href":"https:\/\/rdnews.al\/index.php\/wp-json\/wp\/v2\/posts\/98335","targetHints":{"allow":["GET"]}}],"collection":[{"href":"https:\/\/rdnews.al\/index.php\/wp-json\/wp\/v2\/posts"}],"about":[{"href":"https:\/\/rdnews.al\/index.php\/wp-json\/wp\/v2\/types\/post"}],"author":[{"embeddable":true,"href":"https:\/\/rdnews.al\/index.php\/wp-json\/wp\/v2\/users\/4"}],"replies":[{"embeddable":true,"href":"https:\/\/rdnews.al\/index.php\/wp-json\/wp\/v2\/comments?post=98335"}],"version-history":[{"count":1,"href":"https:\/\/rdnews.al\/index.php\/wp-json\/wp\/v2\/posts\/98335\/revisions"}],"predecessor-version":[{"id":98337,"href":"https:\/\/rdnews.al\/index.php\/wp-json\/wp\/v2\/posts\/98335\/revisions\/98337"}],"wp:featuredmedia":[{"embeddable":true,"href":"https:\/\/rdnews.al\/index.php\/wp-json\/wp\/v2\/media\/98336"}],"wp:attachment":[{"href":"https:\/\/rdnews.al\/index.php\/wp-json\/wp\/v2\/media?parent=98335"}],"wp:term":[{"taxonomy":"category","embeddable":true,"href":"https:\/\/rdnews.al\/index.php\/wp-json\/wp\/v2\/categories?post=98335"},{"taxonomy":"post_tag","embeddable":true,"href":"https:\/\/rdnews.al\/index.php\/wp-json\/wp\/v2\/tags?post=98335"}],"curies":[{"name":"wp","href":"https:\/\/api.w.org\/{rel}","templated":true}]}}