{"id":98453,"date":"2024-12-11T20:15:57","date_gmt":"2024-12-11T20:15:57","guid":{"rendered":"https:\/\/rdnews.al\/?p=98453"},"modified":"2024-12-11T20:15:57","modified_gmt":"2024-12-11T20:15:57","slug":"berisha-ne-sot-jemi-ne-kembe-ne-sot-jemi-te-bashkuar-me-flamurin-tone-qe-valevitet-me-krenar-se-kurre-ndonjehere","status":"publish","type":"post","link":"https:\/\/rdnews.al\/index.php\/2024\/12\/11\/berisha-ne-sot-jemi-ne-kembe-ne-sot-jemi-te-bashkuar-me-flamurin-tone-qe-valevitet-me-krenar-se-kurre-ndonjehere\/","title":{"rendered":"Berisha: Ne sot jemi n\u00eb k\u00ebmb\u00eb, ne sot jemi t\u00eb bashkuar me flamurin ton\u00eb q\u00eb val\u00ebvitet m\u00eb krenar se kurr\u00eb ndonj\u00ebher\u00eb!"},"content":{"rendered":"<p>Kryetari i PD, Sali Berisha theksoi para demokrat\u00ebve n\u00eb 34 vjetorin e themelimit, se sot jemi n\u00eb komb\u00eb dhe m\u00eb t\u00eb bashkuar.<\/p>\n<p>Berisha tha se, ne sot jemi n\u00eb k\u00ebmb\u00eb, ne sot jemi t\u00eb bashkuar me flamurin ton\u00eb q\u00eb val\u00ebvitet m\u00eb krenar se kurr\u00eb ndonj\u00ebher\u00eb.<\/p>\n<p>\u201cT\u00eb gjith\u00eb k\u00ebto arritje epokale, t\u00eb gjitha k\u00ebto g\u00ebzime, k\u00ebto marr\u00ebdh\u00ebnie t\u00eb jasht\u00ebzakonshme q\u00eb kemi me nj\u00ebri-tjetrin jan\u00eb fat dhe privilegj.<\/p>\n<p>Por mbi t\u00eb gjitha \u00e7far\u00eb fati p\u00ebr ne t\u00eb jemi n\u00eb nj\u00eb parti q\u00eb nuk l\u00ebshon kurr\u00eb t\u00eb v\u00ebrtetat q\u00eb beson, interesin komb\u00ebtar edhe sikur e gjith\u00eb bota t\u00eb dal\u00eb kund\u00ebr nesh.<\/p>\n<p>N\u00eb \u00e7do rrethan\u00eb, n\u00eb \u00e7do kusht, Shqip\u00ebria \u00ebsht\u00eb e para.<\/p>\n<p>Shqip\u00ebria \u00ebsht\u00eb e para.<\/p>\n<p>Shqip\u00ebria \u00ebsht\u00eb e para.<\/p>\n<p>Dhe kjo \u00ebsht\u00eb d\u00ebshmuar, \u00ebsht\u00eb faktuar n\u00eb k\u00ebto 3 vite q\u00eb lam\u00eb pas.<\/p>\n<p>Sepse imagjinoni miq \u00e7far\u00eb do ndodhte me ne n\u00ebse do ishim dor\u00ebzuar para t\u00eb keqes apo n\u00ebse zjarri i p\u00ebr\u00e7arjes q\u00eb frynte mbi ne t\u00eb kishte arritur q\u00ebllimet e veta?<\/p>\n<p>\u00c7far\u00eb do ndodhte me ne n\u00ebse sot do kishim krijuar nj\u00eb parti t\u00eb re, si\u00e7 na k\u00ebrkuan ato vite q\u00eb na grabit\u00ebn flamurin e partis\u00eb?<\/p>\n<p>\u00c7far\u00eb do ndodhte me ne n\u00ebse do dor\u00ebzoheshim para izolimit ku na fut\u00ebn?<\/p>\n<p>\u00c7far\u00eb do ndodhte me ne n\u00ebse do heshtnim kur gjykatat kriminale k\u00ebrkonin t\u00eb shkelmonin Kushtetut\u00ebn, t\u00eb kryenin p\u00ebr llogari t\u00eb narkodiktatorit grushtin antikushtetues t\u00eb shtetit?<\/p>\n<p>Si do ishte sot ky 34-vjetor i PD n\u00ebse do ishim p\u00ebrkulur ndaj k\u00ebtij grushti shteti q\u00eb u krye ndaj opozit\u00ebs shqiptare.<\/p>\n<p>Ne sot nuk do ishim k\u00ebtu ose do ishim me nj\u00eb flamur tjet\u00ebr t\u00eb dor\u00ebzuar nga kund\u00ebrshtari.<\/p>\n<p>Sigla, flamuri i v\u00ebrtet\u00eb i PD do kishte humbur, do kishte mbetur pa zot\u00ebrit, kalor\u00ebsit e tij.<\/p>\n<p>Do ishim s\u00ebrish t\u00eb izoluar, nj\u00eb kryetar kukull q\u00eb nuk do e zgjidhnit ju, q\u00eb do na e diktonin me shantazh dhe presion.<\/p>\n<p>Do ishim pa identitet, do ishim pa fuqi, do ishim fasad\u00eb.<\/p>\n<p>Dhe kjo humbje nuk do ishte vet\u00ebm e PD. Humbja m\u00eb e madhe do ishte e Shqip\u00ebris\u00eb dhe shqiptar\u00ebve sepse bashk\u00eb me opozit\u00ebn do t\u00eb vdisnin ato vlera p\u00ebr t\u00eb cilat ne q\u00ebndrojm\u00eb.<\/p>\n<p>Do vdiste pluralizmi i v\u00ebrtet\u00eb politik.<\/p>\n<p>Do vdiste sovraniteti i brendsh\u00ebm i kombit.<\/p>\n<p>Do shkonfigurohej familja, prindi dhe identiteti i shqiptar\u00ebve.<\/p>\n<p>Dhe duke konsoliduar p\u00ebr dekada pushtetin kriminel t\u00eb narkoshtetit t\u00eb par\u00eb n\u00eb Europ\u00eb, kjo e ardhme nuk do ndodhte kurr\u00eb p\u00ebr shqiptar\u00ebt.<\/p>\n<p>Sepse ne sot jemi n\u00eb k\u00ebmb\u00eb, ne sot jemi t\u00eb bashkuar me flamurin ton\u00eb q\u00eb val\u00ebvitet m\u00eb krenar se kurr\u00eb ndonj\u00ebher\u00eb.<\/p>\n<p>Me tre rezoluta q\u00eb na japin mb\u00ebshtetjen m\u00eb t\u00eb madhe nd\u00ebrkomb\u00ebtare q\u00eb kemi pasur ndonj\u00ebher\u00eb gjer m\u00eb sot.<\/p>\n<p>Na japin p\u00ebr betejat tona, p\u00ebr q\u00ebndres\u00ebn ton\u00eb, p\u00ebr vlerat q\u00eb mbrojm\u00eb, ku vet\u00ebm rezoluta e fundit e IDU, q\u00eb kryesohet sot nga partia q\u00eb drejton dhe udh\u00ebheq sot SHBA, Partia Republikane.<\/p>\n<p>Ne fituam. Ia dol\u00ebm q\u00eb t\u00eb shp\u00ebtojm\u00eb opozit\u00ebn e v\u00ebrtet\u00eb. Ta kthejm\u00eb at\u00eb n\u00eb shpres\u00ebn e v\u00ebrtet\u00eb t\u00eb shqiptar\u00ebve dhe t\u00eb sigurojm\u00eb fitoren vitin e ardhsh\u00ebm\u201d, u shpreh Berisha.<\/p>\n","protected":false},"excerpt":{"rendered":"<p>Kryetari i PD, Sali Berisha theksoi para demokrat\u00ebve n\u00eb 34 vjetorin e themelimit, se sot jemi n\u00eb komb\u00eb dhe m\u00eb t\u00eb bashkuar. Berisha tha se, ne sot jemi n\u00eb k\u00ebmb\u00eb, ne sot jemi t\u00eb bashkuar me flamurin ton\u00eb q\u00eb val\u00ebvitet m\u00eb krenar se kurr\u00eb ndonj\u00ebher\u00eb. \u201cT\u00eb gjith\u00eb k\u00ebto arritje epokale, t\u00eb gjitha k\u00ebto g\u00ebzime, k\u00ebto &hellip;<\/p>\n","protected":false},"author":4,"featured_media":98447,"comment_status":"closed","ping_status":"closed","sticky":false,"template":"","format":"standard","meta":{"footnotes":""},"categories":[37],"tags":[],"class_list":["post-98453","post","type-post","status-publish","format-standard","has-post-thumbnail","","category-politike"],"_links":{"self":[{"href":"https:\/\/rdnews.al\/index.php\/wp-json\/wp\/v2\/posts\/98453","targetHints":{"allow":["GET"]}}],"collection":[{"href":"https:\/\/rdnews.al\/index.php\/wp-json\/wp\/v2\/posts"}],"about":[{"href":"https:\/\/rdnews.al\/index.php\/wp-json\/wp\/v2\/types\/post"}],"author":[{"embeddable":true,"href":"https:\/\/rdnews.al\/index.php\/wp-json\/wp\/v2\/users\/4"}],"replies":[{"embeddable":true,"href":"https:\/\/rdnews.al\/index.php\/wp-json\/wp\/v2\/comments?post=98453"}],"version-history":[{"count":1,"href":"https:\/\/rdnews.al\/index.php\/wp-json\/wp\/v2\/posts\/98453\/revisions"}],"predecessor-version":[{"id":98454,"href":"https:\/\/rdnews.al\/index.php\/wp-json\/wp\/v2\/posts\/98453\/revisions\/98454"}],"wp:featuredmedia":[{"embeddable":true,"href":"https:\/\/rdnews.al\/index.php\/wp-json\/wp\/v2\/media\/98447"}],"wp:attachment":[{"href":"https:\/\/rdnews.al\/index.php\/wp-json\/wp\/v2\/media?parent=98453"}],"wp:term":[{"taxonomy":"category","embeddable":true,"href":"https:\/\/rdnews.al\/index.php\/wp-json\/wp\/v2\/categories?post=98453"},{"taxonomy":"post_tag","embeddable":true,"href":"https:\/\/rdnews.al\/index.php\/wp-json\/wp\/v2\/tags?post=98453"}],"curies":[{"name":"wp","href":"https:\/\/api.w.org\/{rel}","templated":true}]}}