{"id":98468,"date":"2024-12-11T22:01:22","date_gmt":"2024-12-11T22:01:22","guid":{"rendered":"https:\/\/rdnews.al\/?p=98468"},"modified":"2024-12-11T22:01:31","modified_gmt":"2024-12-11T22:01:31","slug":"prokuroria-e-posacme-vihet-ne-levizje-kunder-vetevendosjes-therret-albion-kurtin","status":"publish","type":"post","link":"https:\/\/rdnews.al\/index.php\/2024\/12\/11\/prokuroria-e-posacme-vihet-ne-levizje-kunder-vetevendosjes-therret-albion-kurtin\/","title":{"rendered":"Prokuroria e Posa\u00e7me vihet n\u00eb l\u00ebvizje kund\u00ebr &#8220;Vet\u00ebvendosjes&#8221;, therret Albin Kurtin"},"content":{"rendered":"<p>Z\u00ebdh\u00ebn\u00ebsi i qeveris\u00eb s\u00eb Kosov\u00ebs, tha t\u00eb m\u00ebrkur\u00ebn se prokuroria e Posa\u00e7me e Kosov\u00ebs i ka d\u00ebrguar nj\u00eb thirrje kryeministrit t\u00eb Kosov\u00ebs, Albin Kurti p\u00ebr t\u2019u paraqitur me 16 dhjetor, por pa dh\u00ebn\u00eb ndonj\u00eb holl\u00ebsi rreth thirrjes.<\/p>\n<p>N\u00eb nj\u00eb postim n\u00eb rrjetin Facebook, z\u00ebdh\u00ebn\u00ebsi P\u00ebrparim Kryeziu shkroi se \u201cTeksa kryeministri Kurti ndodhet n\u00eb mbledhje t\u00eb Kryesis\u00eb s\u00eb L\u00ebvizjes Vet\u00ebvendosje p\u00ebr t\u00eb p\u00ebrmbyllur list\u00ebn e kandidat\u00ebve p\u00ebr deputet\u00eb nga koalicioni LVV, Guxo dhe Alternativa n\u00eb zgjedhjet e vitit 2025, nga kryeministria m\u00eb njoftuan se ka ardhur nj\u00eb ftes\u00eb p\u00ebr t\u00eb nga Prokuroria Speciale\u201d.<\/p>\n<p>N\u00eb thirrjen q\u00eb ai e shp\u00ebrndau n\u00eb Facebook thuhet se kryeministri \u00ebsht\u00eb thirrur t\u00eb d\u00ebshmoj\u00eb n\u00eb nj\u00eb rast q\u00eb lidhet me vepr\u00ebn penale t\u00eb parapar\u00eb me nenin 414 t\u00eb Kodit Penal t\u00eb Kosov\u00ebs. Me k\u00ebt\u00eb nen sanksionohen veprat q\u00eb kan\u00eb t\u00eb b\u00ebjn\u00eb me \u201ckeqp\u00ebrdorimin e pozit\u00ebs apo autoritetit zyrtar\u201d.<\/p>\n<p>Z\u00ebdh\u00ebn\u00ebsi Kryeziu nuk dha ndonj\u00eb holl\u00ebsi, por kritikoi sistemin e drejt\u00ebsis\u00eb p\u00ebr nd\u00ebrhyrje n\u00eb procesin zgjedhor.<\/p>\n<p>&nbsp;<\/p>\n<p>&nbsp;<\/p>\n<p>\u201cN\u00eb zgjedhjet e kaluara kishte nj\u00eb vendim gjyq\u00ebsor, i cili ia kishte pamund\u00ebsuar (zotit Kurti) kandidimin n\u00eb gar\u00ebn zgjedhore t\u00eb 14 shkurtit, 2021, kurse tash, p\u00ebrmes k\u00ebsaj ftese, po tentohet ndikimi n\u00eb rezultatin e zgjedhjeve t\u00eb vitit 2025\u201d, shkroi ai . N\u00eb letr\u00ebn e thirrjes thuhet se b\u00ebhet fjal\u00eb p\u00ebr rastin me num\u00ebr PPSnr. 62\/2023. Njoh\u00ebs t\u00eb sistemit t\u00eb drejt\u00ebsis\u00eb i than\u00eb Z\u00ebrit t\u00eb Amerik\u00ebs se kjo l\u00ebnd\u00eb ka t\u00eb b\u00ebj\u00eb m\u00eb nj\u00eb proces rreth \u201crezervave shtet\u00ebrore\u201d, rreth t\u00eb cilit n\u00eb gusht t\u00eb vitit 2023 qen\u00eb arrestuar tre persona, dy nga t\u00eb cil\u00ebt punonj\u00ebs t\u00eb Ministris\u00eb s\u00eb Industris\u00eb, Nd\u00ebrmarr\u00ebsis\u00eb dhe Tregtis\u00eb.<\/p>\n<p>Mielli, ila\u00e7et, vaji, sheqeri, prodhimet higjienike, nafta etj. jan\u00eb pjes\u00eb e rezervave shtet\u00ebrore q\u00eb mund t\u00eb p\u00ebrdoren n\u00eb rast t\u00eb shpalljes s\u00eb gjendjes s\u00eb jasht\u00ebzakonshme si pasoj\u00eb e fatkeq\u00ebsive natyrore, luft\u00ebrave apo dhe n\u00eb rast kizash kur k\u00ebta artikuj mungojn\u00eb n\u00eb treg.<\/p>\n<p>Kryeministri Kurti, mohoi n\u00eb at\u00eb koh\u00eb dyshimet p\u00ebr keqp\u00ebrdorime me rezervat shtet\u00ebrore nd\u00ebrsa akuzoi si\u00e7 tha, \u201celit\u00ebn e vjet\u00ebr dhe t\u00eb korruptuar politike, gjykat\u00ebsit e prokuror\u00ebt e saj dhe mediat e keqp\u00ebrdoruara p\u00ebr mb\u00ebshtetje t\u00eb krimit\u201d, p\u00ebr p\u00ebrpjekje p\u00ebr ta kthyer \u201cish sistemin e kalbur e t\u00eb korruptuar\u201d.\/Voa<\/p>\n","protected":false},"excerpt":{"rendered":"<p>Z\u00ebdh\u00ebn\u00ebsi i qeveris\u00eb s\u00eb Kosov\u00ebs, tha t\u00eb m\u00ebrkur\u00ebn se prokuroria e Posa\u00e7me e Kosov\u00ebs i ka d\u00ebrguar nj\u00eb thirrje kryeministrit t\u00eb Kosov\u00ebs, Albin Kurti p\u00ebr t\u2019u paraqitur me 16 dhjetor, por pa dh\u00ebn\u00eb ndonj\u00eb holl\u00ebsi rreth thirrjes. N\u00eb nj\u00eb postim n\u00eb rrjetin Facebook, z\u00ebdh\u00ebn\u00ebsi P\u00ebrparim Kryeziu shkroi se \u201cTeksa kryeministri Kurti ndodhet n\u00eb mbledhje t\u00eb &hellip;<\/p>\n","protected":false},"author":3,"featured_media":63429,"comment_status":"closed","ping_status":"closed","sticky":false,"template":"","format":"standard","meta":{"footnotes":""},"categories":[38],"tags":[],"class_list":["post-98468","post","type-post","status-publish","format-standard","has-post-thumbnail","","category-bota"],"_links":{"self":[{"href":"https:\/\/rdnews.al\/index.php\/wp-json\/wp\/v2\/posts\/98468","targetHints":{"allow":["GET"]}}],"collection":[{"href":"https:\/\/rdnews.al\/index.php\/wp-json\/wp\/v2\/posts"}],"about":[{"href":"https:\/\/rdnews.al\/index.php\/wp-json\/wp\/v2\/types\/post"}],"author":[{"embeddable":true,"href":"https:\/\/rdnews.al\/index.php\/wp-json\/wp\/v2\/users\/3"}],"replies":[{"embeddable":true,"href":"https:\/\/rdnews.al\/index.php\/wp-json\/wp\/v2\/comments?post=98468"}],"version-history":[{"count":2,"href":"https:\/\/rdnews.al\/index.php\/wp-json\/wp\/v2\/posts\/98468\/revisions"}],"predecessor-version":[{"id":98470,"href":"https:\/\/rdnews.al\/index.php\/wp-json\/wp\/v2\/posts\/98468\/revisions\/98470"}],"wp:featuredmedia":[{"embeddable":true,"href":"https:\/\/rdnews.al\/index.php\/wp-json\/wp\/v2\/media\/63429"}],"wp:attachment":[{"href":"https:\/\/rdnews.al\/index.php\/wp-json\/wp\/v2\/media?parent=98468"}],"wp:term":[{"taxonomy":"category","embeddable":true,"href":"https:\/\/rdnews.al\/index.php\/wp-json\/wp\/v2\/categories?post=98468"},{"taxonomy":"post_tag","embeddable":true,"href":"https:\/\/rdnews.al\/index.php\/wp-json\/wp\/v2\/tags?post=98468"}],"curies":[{"name":"wp","href":"https:\/\/api.w.org\/{rel}","templated":true}]}}