{"id":98655,"date":"2024-12-13T12:19:03","date_gmt":"2024-12-13T12:19:03","guid":{"rendered":"https:\/\/rdnews.al\/?p=98655"},"modified":"2024-12-13T12:19:28","modified_gmt":"2024-12-13T12:19:28","slug":"kellici-prokuror-prenci-ka-derguar-si-skuth-ne-gjykate-dosjen-e-veliajt-pa-permendur-emrin-e-tij","status":"publish","type":"post","link":"https:\/\/rdnews.al\/index.php\/2024\/12\/13\/kellici-prokuror-prenci-ka-derguar-si-skuth-ne-gjykate-dosjen-e-veliajt-pa-permendur-emrin-e-tij\/","title":{"rendered":"K\u00eblli\u00e7i: Pren\u00e7i ka d\u00ebrguar si skuth n\u00eb gjykat\u00eb dosjen e Veliajt pa p\u00ebrmendur emrin e tij"},"content":{"rendered":"<p>Drejtuesi politik p\u00ebr Qarkun e Tiran\u00ebs n\u00eb PD, Belind K\u00eblli\u00e7i \u00ebsht\u00eb shprehur se hesapet e drejt\u00ebsis\u00eb s\u00eb\u00a0kryebashkiakut t\u00eb\u00a0Tiran\u00ebs, Erion Veliaj, pronarin faktik t\u00eb incineratorit\u00a0dhe skem\u00ebs 5D, nuk jan\u00eb mbyllur, edhe pse drejt\u00ebsia n\u00eb nxitim e sip\u00ebr k\u00ebrkon ta nxjerr\u00eb at\u00eb t\u00eb \u2018past\u00ebr\u2019.<\/p>\n<p>Gjat\u00eb fjal\u00ebs s\u00eb tij n\u00eb protest\u00ebn p\u00ebrpara Bashkis\u00eb s\u00eb Tiran\u00ebs, K\u00eblli\u00e7i dha garancin\u00eb se pavar\u00ebisht p\u00ebrpjekjeve t\u00eb prokurorit t\u00eb Posa\u00e7\u00ebm, Dritan Pren\u00e7i p\u00ebr ta d\u00ebrguar dosjen e incineratorit t\u00eb Tiran\u00ebs n\u00eb GJKKO, pa personin p\u00ebrgjegj\u00ebs t\u00eb saj, Erion Veliaj, \u00ebsht\u00eb e d\u00ebshtuar.<\/p>\n<p>K\u00eblli\u00e7i p\u00ebr her\u00eb t\u00eb par\u00eb artikuloi akuza ndaj prokurorit Pren\u00e7i, se ka darkur me drejtor\u00ebt e Veliaj, p\u00ebr llogari t\u00eb mbylljes s\u00eb hetimeve p\u00ebr k\u00ebt\u00eb t\u00eb fundit.<\/p>\n<p>\u201cDritan Pren\u00e7i vendose t\u00eb \u00e7osh n\u00eb gjykat\u00eb dosjen e incinerator\u00ebve. D\u00ebgjove protest\u00ebn, ne sot nisim pun\u00ebn me Veliajn, me ty Dritan Pren\u00e7i, n\u00eb shkelje flagrante t\u00eb ligjit i kemi k\u00ebrkuar aktet e dosjes pran\u00eb PD, sepse jeni pal\u00eb n\u00eb k\u00ebt\u00eb \u00e7\u00ebshtje. Kan\u00eb \u00e7uar me vrap si skutha \u00e7\u00ebshtjen n\u00eb gjykat\u00eb, pa emrin e pronarit faktik t\u00eb incineratorit t\u00eb Tiran\u00ebs, Erion Veliaj.<\/p>\n<p>Blushi iu nxori nj\u00eb vendim 2017, ku Veliaj me firm\u00eb e vul\u00eb i hap rrug\u00eb konsensionit pa vendim t\u00eb K\u00ebshillit Bashkiak. Pasi 2 her\u00eb Ahmetaj e kishte kund\u00ebrshtuar financimin e k\u00ebsaj skeme, Shk\u00eblqim Cani e kund\u00ebrshtoi. \u00a0Veliaj i vuri gjoksin p\u00ebr t\u2019i dal\u00eb zot k\u00ebsaj pune.<\/p>\n<p>Dritan Pren\u00e7i q\u00eb ka drekuar me drejtor\u00ebt e Bashkis\u00eb s\u00eb Tiran\u00ebs, p\u00ebr llogari t\u00eb Veliajt. Dil e p\u00ebrg\u00ebnj\u00ebshteroje K\u00eblli\u00e7in, p\u00ebr k\u00ebt\u00eb q\u00eb sa po thash\u00eb. Do ju tregojm\u00eb me detaje p\u00ebr dosjen e incienratorit dhe 5D,\u00a0 dhe pun\u00ebs s\u00eb gazetar\u00ebve t\u00eb emisionit \u2018Plug\u2019, q\u00eb mund t\u2019i quajm\u00eb pa frik\u00eb ustallar\u00eb, q\u00eb kan\u00eb zb\u00ebrthyer vjedhjen e klontrollin e drejt\u00ebsis\u00eb, t\u00eb denj\u00eb p\u00ebr nj\u00eb individ, si Erion Veliaj\u201d, tha K\u00eblli\u00e7i.<\/p>\n","protected":false},"excerpt":{"rendered":"<p>Drejtuesi politik p\u00ebr Qarkun e Tiran\u00ebs n\u00eb PD, Belind K\u00eblli\u00e7i \u00ebsht\u00eb shprehur se hesapet e drejt\u00ebsis\u00eb s\u00eb\u00a0kryebashkiakut t\u00eb\u00a0Tiran\u00ebs, Erion Veliaj, pronarin faktik t\u00eb incineratorit\u00a0dhe skem\u00ebs 5D, nuk jan\u00eb mbyllur, edhe pse drejt\u00ebsia n\u00eb nxitim e sip\u00ebr k\u00ebrkon ta nxjerr\u00eb at\u00eb t\u00eb \u2018past\u00ebr\u2019. Gjat\u00eb fjal\u00ebs s\u00eb tij n\u00eb protest\u00ebn p\u00ebrpara Bashkis\u00eb s\u00eb Tiran\u00ebs, K\u00eblli\u00e7i dha garancin\u00eb &hellip;<\/p>\n","protected":false},"author":4,"featured_media":95372,"comment_status":"closed","ping_status":"closed","sticky":false,"template":"","format":"standard","meta":{"footnotes":""},"categories":[37],"tags":[],"class_list":["post-98655","post","type-post","status-publish","format-standard","has-post-thumbnail","","category-politike"],"_links":{"self":[{"href":"https:\/\/rdnews.al\/index.php\/wp-json\/wp\/v2\/posts\/98655","targetHints":{"allow":["GET"]}}],"collection":[{"href":"https:\/\/rdnews.al\/index.php\/wp-json\/wp\/v2\/posts"}],"about":[{"href":"https:\/\/rdnews.al\/index.php\/wp-json\/wp\/v2\/types\/post"}],"author":[{"embeddable":true,"href":"https:\/\/rdnews.al\/index.php\/wp-json\/wp\/v2\/users\/4"}],"replies":[{"embeddable":true,"href":"https:\/\/rdnews.al\/index.php\/wp-json\/wp\/v2\/comments?post=98655"}],"version-history":[{"count":2,"href":"https:\/\/rdnews.al\/index.php\/wp-json\/wp\/v2\/posts\/98655\/revisions"}],"predecessor-version":[{"id":98657,"href":"https:\/\/rdnews.al\/index.php\/wp-json\/wp\/v2\/posts\/98655\/revisions\/98657"}],"wp:featuredmedia":[{"embeddable":true,"href":"https:\/\/rdnews.al\/index.php\/wp-json\/wp\/v2\/media\/95372"}],"wp:attachment":[{"href":"https:\/\/rdnews.al\/index.php\/wp-json\/wp\/v2\/media?parent=98655"}],"wp:term":[{"taxonomy":"category","embeddable":true,"href":"https:\/\/rdnews.al\/index.php\/wp-json\/wp\/v2\/categories?post=98655"},{"taxonomy":"post_tag","embeddable":true,"href":"https:\/\/rdnews.al\/index.php\/wp-json\/wp\/v2\/tags?post=98655"}],"curies":[{"name":"wp","href":"https:\/\/api.w.org\/{rel}","templated":true}]}}