{"id":98658,"date":"2024-12-13T12:25:46","date_gmt":"2024-12-13T12:25:46","guid":{"rendered":"https:\/\/rdnews.al\/?p=98658"},"modified":"2024-12-13T12:26:16","modified_gmt":"2024-12-13T12:26:16","slug":"kalaja-pd-eshte-e-vetmja-parti-ne-te-gjithe-lindjen-qe-i-mbijetoi-shperberjes-nga-plani-rama-soros","status":"publish","type":"post","link":"https:\/\/rdnews.al\/index.php\/2024\/12\/13\/kalaja-pd-eshte-e-vetmja-parti-ne-te-gjithe-lindjen-qe-i-mbijetoi-shperberjes-nga-plani-rama-soros\/","title":{"rendered":"Kalaja: PD \u00ebsht\u00eb e vetmja parti n\u00eb t\u00eb gjith\u00eb lindjen q\u00eb i mbijetoi shp\u00ebrb\u00ebrjes nga plani Rama-Soros"},"content":{"rendered":"<p>Aktivistja Adriana Kalaja tha gjat\u00eb fjal\u00ebs s\u00eb saj n\u00eb protest\u00ebn para Bashkis\u00eb s\u00eb Tiran\u00ebs, i mbani mend deklaratat e ambasador\u00ebve t\u00eb korruptuar, pse nuk dalin m\u00eb, se ishin m\u00ebsuar me opozit\u00ebn e\u00a0 n\u00ebnshtruar.<\/p>\n<p><strong>\u201c<\/strong>P\u00ebr t\u2019u bashkuar me \u00e7do gj\u00eb q\u00eb u denoncua sot, dhe ju e dini se un\u00eb nuk lodhem kurr\u00eb po m\u00eb dhat\u00eb mikrofon dhe pistolet\u00eb dhe p\u00ebr shkak t\u00eb or\u00ebs q\u00eb u mbivendos sot dua t\u00eb ndaj me ju dy probleme shum\u00eb t\u00eb r\u00ebnd\u00ebsishme. Para dy dit\u00ebsh festuam 34 vjetorin e krijimit t\u00eb PD. \u00cbsht\u00eb e vetmja parti n\u00eb t\u00eb gjith\u00eb lindjen q\u00eb i mbijetoi shp\u00ebrb\u00ebrjes. I mbijetoi edhe shp\u00ebrb\u00ebrjes tre vje\u00e7are t\u00eb fondacionit Soros.<\/p>\n<p>Vet\u00ebm dekorimi q\u00eb nj\u00eb mafioz si Blinken i dha nj\u00eb banditi si Dumani tregon se kjo \u00ebsht\u00eb nj\u00eb projekt p\u00ebr shfarosjen e PD p\u00ebr shfarosjen e pluralizmit dhe t\u00eb demokracis\u00eb. \u00c7far\u00eb b\u00ebri PD dhe \u00e7far\u00eb b\u00ebri Sali Berisha. Q\u00ebndruan, luftuan dhe fituan.<\/p>\n<p>I mbani mend deklaratat e ambasador\u00ebve t\u00eb korruptuar. Pse nuk dalin m\u00eb, se ishin m\u00ebsuar me opozit\u00ebn e\u00a0 n\u00ebnshtruar.<\/p>\n<p>Do shprehja nj\u00eb konsiderat\u00eb t\u00eb madhe p\u00ebr gazetar\u00ebt e \u201cPlug\u201d dhe \u201cPiranjave\u201d n\u00eb Syri tv, sepse ju duhet ta dini shume mir\u00eb, secili prej nesh, sidomos k\u00ebta q\u00eb jan\u00eb gazetar\u00eb e kan\u00eb m\u00eb t\u00eb leht\u00eb t\u00eb b\u00ebjn\u00eb zvarranikun e pushtetit, t\u00eb mbushin xhepat ndaj pagator\u00ebve e tutor\u00ebve si Veliaj e Rama, por kan\u00eb zgjedhur t\u2019i sh\u00ebrbejn\u00eb Shqip\u00ebris\u00eb me t\u00eb v\u00ebrtetat. Ndaj kjo \u00ebsht\u00eb thirrje p\u00ebr t\u00eb gjith\u00eb ju q\u00eb akoma nuk e gjeni vendin ku jeni.<\/p>\n","protected":false},"excerpt":{"rendered":"<p>Aktivistja Adriana Kalaja tha gjat\u00eb fjal\u00ebs s\u00eb saj n\u00eb protest\u00ebn para Bashkis\u00eb s\u00eb Tiran\u00ebs, i mbani mend deklaratat e ambasador\u00ebve t\u00eb korruptuar, pse nuk dalin m\u00eb, se ishin m\u00ebsuar me opozit\u00ebn e\u00a0 n\u00ebnshtruar. \u201cP\u00ebr t\u2019u bashkuar me \u00e7do gj\u00eb q\u00eb u denoncua sot, dhe ju e dini se un\u00eb nuk lodhem kurr\u00eb po m\u00eb dhat\u00eb &hellip;<\/p>\n","protected":false},"author":4,"featured_media":97767,"comment_status":"closed","ping_status":"closed","sticky":false,"template":"","format":"standard","meta":{"footnotes":""},"categories":[37],"tags":[],"class_list":["post-98658","post","type-post","status-publish","format-standard","has-post-thumbnail","","category-politike"],"_links":{"self":[{"href":"https:\/\/rdnews.al\/index.php\/wp-json\/wp\/v2\/posts\/98658","targetHints":{"allow":["GET"]}}],"collection":[{"href":"https:\/\/rdnews.al\/index.php\/wp-json\/wp\/v2\/posts"}],"about":[{"href":"https:\/\/rdnews.al\/index.php\/wp-json\/wp\/v2\/types\/post"}],"author":[{"embeddable":true,"href":"https:\/\/rdnews.al\/index.php\/wp-json\/wp\/v2\/users\/4"}],"replies":[{"embeddable":true,"href":"https:\/\/rdnews.al\/index.php\/wp-json\/wp\/v2\/comments?post=98658"}],"version-history":[{"count":1,"href":"https:\/\/rdnews.al\/index.php\/wp-json\/wp\/v2\/posts\/98658\/revisions"}],"predecessor-version":[{"id":98659,"href":"https:\/\/rdnews.al\/index.php\/wp-json\/wp\/v2\/posts\/98658\/revisions\/98659"}],"wp:featuredmedia":[{"embeddable":true,"href":"https:\/\/rdnews.al\/index.php\/wp-json\/wp\/v2\/media\/97767"}],"wp:attachment":[{"href":"https:\/\/rdnews.al\/index.php\/wp-json\/wp\/v2\/media?parent=98658"}],"wp:term":[{"taxonomy":"category","embeddable":true,"href":"https:\/\/rdnews.al\/index.php\/wp-json\/wp\/v2\/categories?post=98658"},{"taxonomy":"post_tag","embeddable":true,"href":"https:\/\/rdnews.al\/index.php\/wp-json\/wp\/v2\/tags?post=98658"}],"curies":[{"name":"wp","href":"https:\/\/api.w.org\/{rel}","templated":true}]}}