{"id":9867,"date":"2022-04-20T09:03:16","date_gmt":"2022-04-20T09:03:16","guid":{"rendered":"https:\/\/rdnews.al\/?p=9867"},"modified":"2022-04-20T09:03:16","modified_gmt":"2022-04-20T09:03:16","slug":"rritja-e-cmimeve-po-kercenon-jetesen-deputetet-e-pd-kerkese-kuvendit-te-ngrihet-komisioni-i-energjise","status":"publish","type":"post","link":"https:\/\/rdnews.al\/index.php\/2022\/04\/20\/rritja-e-cmimeve-po-kercenon-jetesen-deputetet-e-pd-kerkese-kuvendit-te-ngrihet-komisioni-i-energjise\/","title":{"rendered":"\u201cRritja e \u00e7mimeve po k\u00ebrc\u00ebnon jetes\u00ebn\u201d, deputetet e PD k\u00ebrkes\u00eb Kuvendit: T\u00eb ngrihet Komisioni i Energjis\u00eb"},"content":{"rendered":"<p>Deputetet e PD, Sorina Koti dhe Emilja Koliqi i jan\u00eb drejtuar Kuvendit me nj\u00eb let\u00ebr p\u00ebr ngritjen e Komisionit t\u00eb Energjis\u00eb dhe Aksionit p\u00ebr Klim\u00ebn, \u201cn\u00eb rrethanat kur \u00e7mimet e energjis\u00eb elektrike dhe t\u00eb karburanteve po k\u00ebrc\u00ebnojn\u00eb gjithnj\u00eb e m\u00eb shum\u00eb jetes\u00ebn dhe mir\u00ebqenien\u201d.<\/p>\n<p>N\u00eb letr\u00ebn e tyre, thuhet nd\u00ebr t\u00eb tjera se \u201cShqip\u00ebria ndodhet n\u00eb prag t\u00eb nj\u00eb krize t\u00eb r\u00ebnd\u00eb energjitike p\u00ebr nj\u00eb s\u00ebr\u00eb arsyesh\u201d.<\/p>\n<p>\u201cD\u00ebshirojm\u00eb t\u00eb sjellim n\u00eb v\u00ebmendje se aktualisht, parlamentet dhe qeverit\u00eb n\u00eb mbar\u00eb bot\u00ebn, e vecan\u00ebrisht n\u00eb Evrop\u00eb po intensifikojn\u00eb p\u00ebrpjekjet p\u00ebr p\u00ebrmir\u00ebsimin e legjislacionit dhe nd\u00ebrmarrjen e politikave q\u00eb nxirin transformimin nga energjit\u00eb e l\u00ebnd\u00ebve fosile drejt energjive t\u00eb pastra p\u00ebr t\u2019u p\u00ebrballur me sfidat komb\u00ebtare t\u00eb siguris\u00eb energjitike dhe ato globale t\u00eb ndryshimit t\u00eb klim\u00ebs\u201d, vijon letra.<\/p>\n<p><strong><em>Letra e plot\u00eb e deputeteve t\u00eb PD<\/em><\/strong><\/p>\n<p><img loading=\"lazy\" decoding=\"async\" class=\"alignnone  wp-image-9869\" src=\"https:\/\/rdnews.al\/wp-content\/uploads\/2022\/04\/1-17-244x300.jpg\" alt=\"\" width=\"307\" height=\"377\" srcset=\"https:\/\/rdnews.al\/wp-content\/uploads\/2022\/04\/1-17-244x300.jpg 244w, https:\/\/rdnews.al\/wp-content\/uploads\/2022\/04\/1-17-832x1024.jpg 832w, https:\/\/rdnews.al\/wp-content\/uploads\/2022\/04\/1-17-768x945.jpg 768w, https:\/\/rdnews.al\/wp-content\/uploads\/2022\/04\/1-17.jpg 900w\" sizes=\"auto, (max-width: 307px) 100vw, 307px\" \/><\/p>\n<p><img loading=\"lazy\" decoding=\"async\" class=\"alignnone  wp-image-9870\" src=\"https:\/\/rdnews.al\/wp-content\/uploads\/2022\/04\/2-10-242x300.jpg\" alt=\"\" width=\"296\" height=\"367\" srcset=\"https:\/\/rdnews.al\/wp-content\/uploads\/2022\/04\/2-10-242x300.jpg 242w, https:\/\/rdnews.al\/wp-content\/uploads\/2022\/04\/2-10-826x1024.jpg 826w, https:\/\/rdnews.al\/wp-content\/uploads\/2022\/04\/2-10-768x952.jpg 768w, https:\/\/rdnews.al\/wp-content\/uploads\/2022\/04\/2-10.jpg 900w\" sizes=\"auto, (max-width: 296px) 100vw, 296px\" \/><\/p>\n","protected":false},"excerpt":{"rendered":"<p>Deputetet e PD, Sorina Koti dhe Emilja Koliqi i jan\u00eb drejtuar Kuvendit me nj\u00eb let\u00ebr p\u00ebr ngritjen e Komisionit t\u00eb Energjis\u00eb dhe Aksionit p\u00ebr Klim\u00ebn, \u201cn\u00eb rrethanat kur \u00e7mimet e energjis\u00eb elektrike dhe t\u00eb karburanteve po k\u00ebrc\u00ebnojn\u00eb gjithnj\u00eb e m\u00eb shum\u00eb jetes\u00ebn dhe mir\u00ebqenien\u201d. N\u00eb letr\u00ebn e tyre, thuhet nd\u00ebr t\u00eb tjera se \u201cShqip\u00ebria ndodhet &hellip;<\/p>\n","protected":false},"author":4,"featured_media":9868,"comment_status":"open","ping_status":"open","sticky":false,"template":"","format":"standard","meta":{"footnotes":""},"categories":[37],"tags":[],"class_list":["post-9867","post","type-post","status-publish","format-standard","has-post-thumbnail","","category-politike"],"_links":{"self":[{"href":"https:\/\/rdnews.al\/index.php\/wp-json\/wp\/v2\/posts\/9867","targetHints":{"allow":["GET"]}}],"collection":[{"href":"https:\/\/rdnews.al\/index.php\/wp-json\/wp\/v2\/posts"}],"about":[{"href":"https:\/\/rdnews.al\/index.php\/wp-json\/wp\/v2\/types\/post"}],"author":[{"embeddable":true,"href":"https:\/\/rdnews.al\/index.php\/wp-json\/wp\/v2\/users\/4"}],"replies":[{"embeddable":true,"href":"https:\/\/rdnews.al\/index.php\/wp-json\/wp\/v2\/comments?post=9867"}],"version-history":[{"count":0,"href":"https:\/\/rdnews.al\/index.php\/wp-json\/wp\/v2\/posts\/9867\/revisions"}],"wp:featuredmedia":[{"embeddable":true,"href":"https:\/\/rdnews.al\/index.php\/wp-json\/wp\/v2\/media\/9868"}],"wp:attachment":[{"href":"https:\/\/rdnews.al\/index.php\/wp-json\/wp\/v2\/media?parent=9867"}],"wp:term":[{"taxonomy":"category","embeddable":true,"href":"https:\/\/rdnews.al\/index.php\/wp-json\/wp\/v2\/categories?post=9867"},{"taxonomy":"post_tag","embeddable":true,"href":"https:\/\/rdnews.al\/index.php\/wp-json\/wp\/v2\/tags?post=9867"}],"curies":[{"name":"wp","href":"https:\/\/api.w.org\/{rel}","templated":true}]}}