{"id":98735,"date":"2024-12-13T19:01:46","date_gmt":"2024-12-13T19:01:46","guid":{"rendered":"https:\/\/rdnews.al\/?p=98735"},"modified":"2024-12-13T19:01:46","modified_gmt":"2024-12-13T19:01:46","slug":"berisha-rama-paguan-per-pensionistet-sa-paguajne-gjermanet-per-qenin","status":"publish","type":"post","link":"https:\/\/rdnews.al\/index.php\/2024\/12\/13\/berisha-rama-paguan-per-pensionistet-sa-paguajne-gjermanet-per-qenin\/","title":{"rendered":"Berisha: Rama paguan p\u00ebr pensionist\u00ebt sa paguajn\u00eb gjerman\u00ebt p\u00ebr qenin!"},"content":{"rendered":"<p>Lideri i opozit\u00ebs, Sali Berisha denoncoi kryeministrin Edi Rama se \u00ebsht\u00eb tallur dhe i ka l\u00ebn\u00eb n\u00eb harres\u00eb dhe varf\u00ebri pensionist\u00ebt n\u00eb Shqip\u00ebri.<\/p>\n<p>Berisha tha se, Rama paguan p\u00ebr pensionist\u00ebt shqiptar\u00eb, sa paguajn\u00eb gjerman\u00ebt p\u00ebr qenin.<\/p>\n<p><strong>Berisha:<\/strong>\u00a0Dhe arrit\u00ebn nj\u00eb fitore t\u00eb r\u00ebnd\u00ebsishme historike p\u00ebr Amerik\u00ebn dhe mbar\u00eb njer\u00ebzimin.<\/p>\n<p>Fitorja p\u00ebrcaktohet nga ne, e kemi n\u00eb duart tona. Nq qoft\u00eb se, n\u00eb vendosim t\u00eb shum\u00ebfishojm\u00eb energjit\u00eb tona, t\u00eb trokasim n\u00eb \u00e7do der\u00eb p\u00ebr t\u00eb bindur \u00e7do qytetar. Se, sot ai q\u00eb i thot\u00eb vetes shqiptar, pavar\u00ebsisht, ka apo nuk ka, po ka nj\u00eb armik ekzistencial dhe ky armik \u00ebsht\u00eb varf\u00ebria.<\/p>\n<p>Dy dit\u00eb m\u00eb par\u00eb, INSTAT tregon se, inflacioni i paket\u00ebs ushqimore ishte 4 her\u00eb m\u00eb i lart\u00eb se inflacioni i p\u00ebrgjithsh\u00ebm. Po pensionisti nuk jeton as me tullat, ato i ka nd\u00ebrtuesi. As me betonin, apo me \u00e7imentot, madje as me naft\u00ebn.<\/p>\n<p>Jeton me buk\u00ebn, qum\u00ebshtin, djathin se nuk i blen dot k\u00ebshtu.<\/p>\n<p>Ndaj dhe, ne n\u00eb k\u00ebt\u00eb bised\u00eb, duhet t \u00ebflasim p\u00ebr ekzistenc\u00ebn ton\u00eb. Si parti, ne premtojm\u00eb dhe do i premtoni \u00e7do shqiptari se, kjo situat\u00eb e krijuar, n\u00eb t\u00eb cil\u00ebn 46% e qytetar\u00ebve jan\u00eb t\u00eb k\u00ebrc\u00ebnuar nga varf\u00ebria, jan\u00eb n\u00eb varf\u00ebri k\u00ebrc\u00ebnuese, mbi t\u00eb cil\u00ebn mbi 60 mij\u00eb familj\u00eb jan\u00eb n\u00eb mjerim.<\/p>\n<p>N\u00eb t\u00eb cil\u00ebn, nj\u00eb njeri nuk mund t\u00eb mendoj\u00eb kurr\u00eb t\u00eb blej\u00eb nj\u00eb sht\u00ebpi sepse duhet t\u00eb punoj\u00eb 70-100 vjet. N\u00eb t\u00eb cil\u00ebn, nj\u00eb pensionist q\u00eb merr sa merr nj\u00eb gjerman p\u00ebr qenin e tij t\u00eb sht\u00ebpis\u00eb, se kan\u00eb v\u00ebn\u00eb pensione p\u00ebr qen\u00ebt, kan\u00eb v\u00ebn\u00eb rroga p\u00ebr qen\u00ebt, 130 euro. Nj\u00eb pensionist q\u00eb merr aq, nuk i mbyll dot ila\u00e7et dhe vaktet.<\/p>\n<p>Ndaj dhe ne, kemi vendosur t\u00eb nd\u00ebrmarrim nj\u00eb p\u00ebrmbysje t\u00eb plot\u00eb t\u00eb shp\u00ebrndarjes s\u00eb t\u00eb ardhurave komb\u00ebtare. Dhe kjo p\u00ebrmbysje do t\u00eb thot\u00eb, vendosja me urgjenc\u00eb e minimumit jetik, 200 euro p\u00ebr frym\u00eb p\u00ebr \u00e7do shqiptar. Pensionet t\u00eb llogaritura mbi k\u00ebt\u00eb minimum. Rroga minimale, 500 euro. Rroga mesatare, 1200 euro.<\/p>\n<p>Jo vet\u00ebm kaq. Nuk mundet shteti t\u2019i shes\u00eb energjin\u00eb tjetrit me t\u00eb nj\u00ebjtin \u00e7mim si atij me 500 euro rrog\u00ebn dhe atij me 7 mij\u00eb euro rrog\u00ebn. Jo, kurr\u00eb. Kjo nuk do t\u00eb ndodh\u00eb.<\/p>\n<p>Edhe m\u00eb p\u00ebrpara, ne e kemi patur nj\u00eb diferenc\u00eb, por tani kjo do t\u00eb sanksionohet dhe \u00e7mime te energjis\u00eb, \u00e7mimet e ujit t\u00eb pijsh\u00ebm t\u00eb disa sh\u00ebrbimeve do t\u00eb proporcionohen rrept\u00ebsisht sipas rrogave dhe t\u00eb ardhurave.<\/p>\n<p>E gjith\u00eb beteja jon\u00eb dit\u00ebn e par\u00eb t\u00eb qeverisjes do t\u00eb jet\u00eb, t\u00eb shtroj\u00eb baz\u00ebn e nj\u00eb starti t\u00eb fuqish\u00ebm p\u00ebr t\u00eb dal\u00eb p\u00ebrs\u00ebri n\u00eb krye t\u00eb vendeve t\u00eb rajonit p\u00ebr rrogat dhe pensionet. Ne nuk premtojm\u00eb di\u00e7ka q\u00eb s\u2019e&#8230; ne ishim, ishim, m\u00eb mir\u00eb se 6 vende Ballkanit Per\u00ebndimor, ishim m\u00eb mir\u00eb dhe se Rumania dhe Bullgaria n\u00eb vitin 2013, t\u00eb cilat ishin vende t\u00eb BE.<\/p>\n<p>Sot, Rumania ka rritur rrogat pes\u00ebfish n\u00eb krahasim me rrog\u00ebn q\u00eb ka patur n\u00eb vitin 2013.<\/p>\n<p>Edi Rama, q\u00eb g\u00ebnjeu, tha: un\u00eb do t\u2019i b\u00ebj rrogat 900 euro. Ju them un\u00eb ju, rrogat nga 2013 gjer sot, de facto nuk jane indeksuar tamam. N\u00eb qoft\u00eb se, ky tani \u00ebsht\u00eb i paskrupullt, si\u00e7 \u00ebsht\u00eb gjithmon\u00eb dhe spekulon me kursin e euros.<\/p>\n<p>Kur i leverdis, p\u00ebr vitin 2014 i llogarit me euro. P\u00ebr vitin 2024, me lek\u00eb. Pra, b\u00ebn nj\u00eb spekulim banal, banal.<\/p>\n<p>K\u00ebshtu q\u00eb, ne do t\u00eb kemi k\u00ebt\u00eb objektiv. Ne do t\u00eb p\u00ebrmbysim shp\u00ebrndarjen e t\u00eb ardhurave komb\u00ebtare.<\/p>\n<p>A do t\u00eb thot\u00eb kjo q\u00eb ne do t\u00eb ndalojm\u00eb makinerin\u00eb e zhvillimit? Absolutisht, jo! Ju garantoj un\u00eb, p\u00ebrkundrazi, edhe m\u00eb shum\u00eb. Edhe m\u00eb shum\u00eb do t\u00eb nd\u00ebrtojm\u00eb. Ku e bazoj, ku jan\u00eb parat\u00eb?<\/p>\n<p>Parat\u00eb, nj\u00eb buxhet 8.2 miliard\u00eb, n\u00eb qoft\u00eb se do t\u00eb ndahej 4 mld p\u00ebr rroga, pensione, minimumi jetik, nj\u00eb sasi p\u00ebr shpenzime, sepse \u00e7do zyr\u00eb k\u00ebrkon nj\u00eb shpenzim minimal p\u00ebr t\u2019u mbajtur, dhe tjetra p\u00ebr investime, do mund t\u00eb b\u00ebheshin investime m\u00eb t\u00eb m\u00ebdha se sa sot.<\/p>\n<p>Po k\u00ebta kan\u00eb instaluar mekanizmat m\u00eb t\u00eb turpshme t\u00eb vjedhjes s\u00eb buxhetit.<\/p>\n","protected":false},"excerpt":{"rendered":"<p>Lideri i opozit\u00ebs, Sali Berisha denoncoi kryeministrin Edi Rama se \u00ebsht\u00eb tallur dhe i ka l\u00ebn\u00eb n\u00eb harres\u00eb dhe varf\u00ebri pensionist\u00ebt n\u00eb Shqip\u00ebri. Berisha tha se, Rama paguan p\u00ebr pensionist\u00ebt shqiptar\u00eb, sa paguajn\u00eb gjerman\u00ebt p\u00ebr qenin. Berisha:\u00a0Dhe arrit\u00ebn nj\u00eb fitore t\u00eb r\u00ebnd\u00ebsishme historike p\u00ebr Amerik\u00ebn dhe mbar\u00eb njer\u00ebzimin. Fitorja p\u00ebrcaktohet nga ne, e kemi n\u00eb &hellip;<\/p>\n","protected":false},"author":4,"featured_media":98718,"comment_status":"closed","ping_status":"closed","sticky":false,"template":"","format":"standard","meta":{"footnotes":""},"categories":[37],"tags":[],"class_list":["post-98735","post","type-post","status-publish","format-standard","has-post-thumbnail","","category-politike"],"_links":{"self":[{"href":"https:\/\/rdnews.al\/index.php\/wp-json\/wp\/v2\/posts\/98735","targetHints":{"allow":["GET"]}}],"collection":[{"href":"https:\/\/rdnews.al\/index.php\/wp-json\/wp\/v2\/posts"}],"about":[{"href":"https:\/\/rdnews.al\/index.php\/wp-json\/wp\/v2\/types\/post"}],"author":[{"embeddable":true,"href":"https:\/\/rdnews.al\/index.php\/wp-json\/wp\/v2\/users\/4"}],"replies":[{"embeddable":true,"href":"https:\/\/rdnews.al\/index.php\/wp-json\/wp\/v2\/comments?post=98735"}],"version-history":[{"count":1,"href":"https:\/\/rdnews.al\/index.php\/wp-json\/wp\/v2\/posts\/98735\/revisions"}],"predecessor-version":[{"id":98736,"href":"https:\/\/rdnews.al\/index.php\/wp-json\/wp\/v2\/posts\/98735\/revisions\/98736"}],"wp:featuredmedia":[{"embeddable":true,"href":"https:\/\/rdnews.al\/index.php\/wp-json\/wp\/v2\/media\/98718"}],"wp:attachment":[{"href":"https:\/\/rdnews.al\/index.php\/wp-json\/wp\/v2\/media?parent=98735"}],"wp:term":[{"taxonomy":"category","embeddable":true,"href":"https:\/\/rdnews.al\/index.php\/wp-json\/wp\/v2\/categories?post=98735"},{"taxonomy":"post_tag","embeddable":true,"href":"https:\/\/rdnews.al\/index.php\/wp-json\/wp\/v2\/tags?post=98735"}],"curies":[{"name":"wp","href":"https:\/\/api.w.org\/{rel}","templated":true}]}}