{"id":98745,"date":"2024-12-13T19:31:17","date_gmt":"2024-12-13T19:31:17","guid":{"rendered":"https:\/\/rdnews.al\/?p=98745"},"modified":"2024-12-13T19:31:17","modified_gmt":"2024-12-13T19:31:17","slug":"berisha-me-23-dhjetor-tiranen-duhet-ta-bllokojme-plotesisht-nga-te-gjitha-drejtimet","status":"publish","type":"post","link":"https:\/\/rdnews.al\/index.php\/2024\/12\/13\/berisha-me-23-dhjetor-tiranen-duhet-ta-bllokojme-plotesisht-nga-te-gjitha-drejtimet\/","title":{"rendered":"Berisha: M\u00eb 23 dhjetor, Tiran\u00ebn duhet ta bllokojm\u00eb plot\u00ebsisht nga t\u00eb gjitha drejtimet!"},"content":{"rendered":"<p>Lideri i opozit\u00ebs, Sali Berisha ka b\u00ebr\u00eb publike detaje nga protesta komb\u00ebtare e radh\u00ebs e lajm\u00ebruar nga Partia Demokratike n\u00eb dat\u00eb 23 dhjetor, duke i b\u00ebr\u00eb thirrje qytetar\u00ebve q\u00eb t&#8217;i bashkohen masivisht.<\/p>\n<p>Berisha tha se, m\u00eb 23 dhjetor, Tiran\u00ebn nga Qaf\u00eb Priska gjer n\u00eb Vor\u00eb duhet ta bllokojm\u00eb plot\u00ebsisht nga t\u00eb gjitha drejtimet.<\/p>\n<p><strong>Berisha:<\/strong>\u00a0Q\u00ebndresa \u00ebsht\u00eb mbrojtje, sulmi \u00ebsht\u00eb sulm. Sulmi \u00ebsht\u00eb etapa e fitores. Prandaj, le t\u00eb hidhemi n\u00eb sulm sot dhe deri m\u00eb dat\u00ebn 11 t\u00eb firmosim s\u00eb bashku fitoren q\u00eb meritojm\u00eb. E meritojm\u00eb plot\u00ebsisht.<\/p>\n<p>Para k\u00ebsaj kalb\u00ebsire q\u00eb kemi ne, kjo nuk mund t\u2019i rezistoj\u00eb kurr\u00eb sulmit ton\u00eb.<\/p>\n<p>E pat\u00eb ju vet, ju e pat\u00eb. Ai kishte stoqet e raketave m\u00eb t\u00eb m\u00ebdha, tanket, avionin, t\u00eb gjitha. Dhe si ia mbath\u00ebn, si minjt\u00eb.<\/p>\n<p>U shua diktatura nj\u00eblloj si bora para diellit dhe ia mabthi n\u00eb Mosk\u00eb. Edhe Edi Rama do ia mbath\u00eb ne Beograd, un\u00eb ju them ju. P\u00ebr ngjashm\u00ebri me Assadin, t\u00eb dy v\u00ebllez\u00ebrit me drog\u00eb.<\/p>\n<p>Dhe ai, kishte gjith\u00eb ato pasuri, po i duhej dhe droga, se nuk ngopen kurr\u00eb. Dhe ky, nj\u00eblloj. Por do t\u00eb ken\u00eb fatin e nj\u00ebjt\u00eb, fatin q\u00eb meritojn\u00eb.<\/p>\n<p>Shqip\u00ebria nuk meriton kurr\u00eb nj\u00eb diktatur\u00eb. Ata q\u00eb vendosin diktatur\u00ebn n\u00eb nj\u00eb popull t\u00eb st\u00ebrvuajtur, ky do t\u00eb p\u00ebrgjigjet. Po, po. Le t\u00eb shkoj\u00eb dhe prapa diellit.<\/p>\n<p>Pasurit\u00eb e tyre do konfiskohen, absolutisht.<\/p>\n<p>Shikoni hotelin n\u00eb Durr\u00ebs 20 kat\u00ebsh me pronar nj\u00eb njeri q\u00eb merr rrog\u00ebn n\u00eb bashki. 20 kate hoteli n\u00eb kristale, n\u00eb xham i t\u00ebri. Secili prej tyre \u00ebsht\u00eb me 3 vila, 5 vila.<\/p>\n<p>Nga i gjeti ky ministri i Brendsh\u00ebm 3 vila nj\u00ebra pas tjetr\u00ebs? K\u00ebta ku t\u2019i kap\u00ebsh, i kap n\u00eb krim. Konfiskim, konfiskim dhe vet\u00ebm konfiskim. Dhe ta din\u00eb qytetar\u00ebt se t\u00eb gjitha do t\u00eb shnd\u00ebrrohen n\u00eb vlera p\u00ebr ta. Do t\u2019u kthehen qytetar\u00ebve. Po!<\/p>\n<p>M\u00eb dat\u00ebn 23 dhjetor, dit\u00ebn e h\u00ebn\u00eb n\u00eb ora 17.00, kemi mosbindjen civile m\u00eb t\u00eb fuqishmen q\u00eb ka par\u00eb Tirana ndonj\u00ebher\u00eb.<\/p>\n<p>Mbar\u00eb bota mezi pret k\u00ebt\u00eb akt, k\u00ebt\u00eb mosbindje, E kan\u00eb p\u00eblqyer shum\u00eb, kudo n\u00eb bot\u00eb. U them un\u00eb juve. Se nj\u00eb gj\u00eb duhet ta dini. At\u00eb ndihm\u00eb q\u00eb na ka dh\u00ebn\u00eb ne shtypi nd\u00ebrkomb\u00ebtar, nuk i dalim borxhit kurr\u00eb.<\/p>\n<p>Dhe ta dini q\u00eb, ka gazetar\u00eb t\u00eb cil\u00ebt kan\u00eb humbur vende p\u00ebr shkrimet q\u00eb kan\u00eb b\u00ebr\u00eb. Jan\u00eb treguar t\u00eb m\u00ebdhenj. Jan\u00eb treguar njer\u00ebz t\u00eb lir\u00eb, dhe mir\u00ebnjohja jon\u00eb \u00ebsht\u00eb e pakufishme ndaj tyre.<\/p>\n<p>Ndaj dhe, e keni par\u00eb ju vet se me \u00e7\u2019pasion i paraqisin mediat e bot\u00ebs protestat tona, sepse jan\u00eb antidiktatur\u00eb, sepse jan\u00eb p\u00ebr liri. Nuk mund t\u00eb ndodht\u00eb ndryshe.<\/p>\n<p>Ndaj dhe kjo mosbindje, Tiran\u00ebn nga Qaf\u00eb Priska gjer n\u00eb Vor\u00eb duhet ta bllokojm\u00eb plot\u00ebsisht, totalisht nga t\u00eb gjitha drejtimet.<\/p>\n<p>Jam i sigurt\u00eb se, ju do t\u00eb mobilizoni t\u00eb gjith\u00eb potencialet q\u00eb kemi p\u00ebr t\u00eb b\u00ebr\u00eb nj\u00eb nga mosbindjet civile m\u00eb t\u00eb shk\u00eblqyera, m\u00eb t\u00eb fuqishmet q\u00eb kemi realizuar ndonj\u00ebher\u00eb.<\/p>\n<p>Faleminderit!<\/p>\n","protected":false},"excerpt":{"rendered":"<p>Lideri i opozit\u00ebs, Sali Berisha ka b\u00ebr\u00eb publike detaje nga protesta komb\u00ebtare e radh\u00ebs e lajm\u00ebruar nga Partia Demokratike n\u00eb dat\u00eb 23 dhjetor, duke i b\u00ebr\u00eb thirrje qytetar\u00ebve q\u00eb t&#8217;i bashkohen masivisht. Berisha tha se, m\u00eb 23 dhjetor, Tiran\u00ebn nga Qaf\u00eb Priska gjer n\u00eb Vor\u00eb duhet ta bllokojm\u00eb plot\u00ebsisht nga t\u00eb gjitha drejtimet. Berisha:\u00a0Q\u00ebndresa \u00ebsht\u00eb &hellip;<\/p>\n","protected":false},"author":4,"featured_media":95749,"comment_status":"closed","ping_status":"closed","sticky":false,"template":"","format":"standard","meta":{"footnotes":""},"categories":[37],"tags":[],"class_list":["post-98745","post","type-post","status-publish","format-standard","has-post-thumbnail","","category-politike"],"_links":{"self":[{"href":"https:\/\/rdnews.al\/index.php\/wp-json\/wp\/v2\/posts\/98745","targetHints":{"allow":["GET"]}}],"collection":[{"href":"https:\/\/rdnews.al\/index.php\/wp-json\/wp\/v2\/posts"}],"about":[{"href":"https:\/\/rdnews.al\/index.php\/wp-json\/wp\/v2\/types\/post"}],"author":[{"embeddable":true,"href":"https:\/\/rdnews.al\/index.php\/wp-json\/wp\/v2\/users\/4"}],"replies":[{"embeddable":true,"href":"https:\/\/rdnews.al\/index.php\/wp-json\/wp\/v2\/comments?post=98745"}],"version-history":[{"count":1,"href":"https:\/\/rdnews.al\/index.php\/wp-json\/wp\/v2\/posts\/98745\/revisions"}],"predecessor-version":[{"id":98746,"href":"https:\/\/rdnews.al\/index.php\/wp-json\/wp\/v2\/posts\/98745\/revisions\/98746"}],"wp:featuredmedia":[{"embeddable":true,"href":"https:\/\/rdnews.al\/index.php\/wp-json\/wp\/v2\/media\/95749"}],"wp:attachment":[{"href":"https:\/\/rdnews.al\/index.php\/wp-json\/wp\/v2\/media?parent=98745"}],"wp:term":[{"taxonomy":"category","embeddable":true,"href":"https:\/\/rdnews.al\/index.php\/wp-json\/wp\/v2\/categories?post=98745"},{"taxonomy":"post_tag","embeddable":true,"href":"https:\/\/rdnews.al\/index.php\/wp-json\/wp\/v2\/tags?post=98745"}],"curies":[{"name":"wp","href":"https:\/\/api.w.org\/{rel}","templated":true}]}}