{"id":98796,"date":"2024-12-14T11:04:13","date_gmt":"2024-12-14T11:04:13","guid":{"rendered":"https:\/\/rdnews.al\/?p=98796"},"modified":"2024-12-14T11:04:13","modified_gmt":"2024-12-14T11:04:13","slug":"berisha-pensionet-jane-ulur-te-pakten-15-mashtrimi-i-rames-me-pensionistet-eshte-cinik-dhe-i-pashpirt","status":"publish","type":"post","link":"https:\/\/rdnews.al\/index.php\/2024\/12\/14\/berisha-pensionet-jane-ulur-te-pakten-15-mashtrimi-i-rames-me-pensionistet-eshte-cinik-dhe-i-pashpirt\/","title":{"rendered":"Berisha: Pensionet jan\u00eb ulur t\u00eb pakt\u00ebn 15%! Mashtrimi i Ram\u00ebs me pensionist\u00ebt \u00ebsht\u00eb cinik dhe i pashpirt!"},"content":{"rendered":"<p>Kryetari i Partis\u00eb Demokratike, Sali Berisha, po zhvillon nj\u00eb takim me pensionist\u00ebt n\u00eb qytetin e Elbasanit. N\u00eb fjal\u00ebn e tij, ai kritikoi ashp\u00ebr qeverin\u00eb p\u00ebr keqmenaxhimin e fondeve publike dhe p\u00ebr rritjen e varf\u00ebris\u00eb n\u00eb m\u00ebnyr\u00eb dramatike q\u00eb nga viti 2013.<\/p>\n<p>Berisha theksoi se gjat\u00eb qeverisjes s\u00eb tij, Shqip\u00ebria u shk\u00ebput nga epiteti \u201cm\u00eb e varf\u00ebr n\u00eb rajon\u201d duke p\u00ebrmir\u00ebsuar ndjesh\u00ebm rrogat dhe pensionet. Ai denoncoi ngrirjen 12-vje\u00e7are t\u00eb pagave dhe mashtrimet me indeksimin e pensioneve, duke e quajtur k\u00ebt\u00eb nj\u00eb politik\u00eb kriminale.<\/p>\n<p>\u201cUn\u00eb vij k\u00ebtu sot p\u00ebr t\u00eb diskutuar me ju problemet jetike t\u00eb shoq\u00ebris\u00eb son\u00eb, gjendjen n\u00eb t\u00eb cil\u00ebn ai ka zhytur shoq\u00ebrin\u00eb shqiptare, para s\u00eb gjithash me k\u00ebt\u00eb vjedhje t\u00eb madhe q\u00eb u b\u00ebhet fondeve dhe pasurive publike dhe k\u00ebt\u00eb varf\u00ebrim t\u00eb pam\u00ebshir\u00eb n\u00eb rritje nga viti n\u00eb vit.<\/p>\n<p>Ju e keni t\u00eb qart\u00eb q\u00eb n\u00eb nj\u00eb ekonomi tregu q\u00eb funksionon n\u00eb m\u00ebnyr\u00eb normale, varf\u00ebria nuk rritet, por ulet progresivisht.<\/p>\n<p>Pasuria nuk p\u00ebrqendrohet, por shp\u00ebrndahet progresivisht.<\/p>\n<p>Kurse k\u00ebtu n\u00eb Shqip\u00ebri, nga viti 2013 gjer n\u00eb vitin 2024, varf\u00ebria \u00ebsht\u00eb rritur n\u00eb m\u00ebnyr\u00ebn m\u00eb t\u00eb frikshme, \u00ebsht\u00eb shnd\u00ebrruar n\u00eb nj\u00eb tiran t\u00eb v\u00ebrtet\u00eb p\u00ebr qytetar\u00ebt shqiptar\u00eb.<\/p>\n<p>N\u00eb vitin 2013, me nj\u00eb p\u00ebrpjekje shum\u00eb t\u00eb madhe, nga viti 2005, ne dol\u00ebm n\u00eb krye t\u00eb rajonit p\u00ebr rrogat dhe pensionet, e hoq\u00ebm at\u00eb vul\u00ebn e m\u00eb t\u00eb varf\u00ebrve, sepse ajo vul\u00eb ishte shum\u00eb e pamerituar p\u00ebr ne, sepse ne jemi nj\u00eb vend me pasuri p\u00ebrrallore. Nuk ka nj\u00eb vend t\u00eb dyt\u00eb, jo n\u00eb rajon, por askund me pasurit\u00eb q\u00eb ka Shqip\u00ebria.<\/p>\n<p>Ajo q\u00eb ne trash\u00ebguam, m\u00eb t\u00eb varfrit e t\u00eb varf\u00ebrve, aty u shk\u00ebput\u00ebm nga ajo koh\u00eb. N\u00eb vitin 2013 kishim paga dhe pensione m\u00eb t\u00eb lartat se 6 vendet e rajonit, plus Buljgaria dhe Rumania.<\/p>\n<p>Kjo ishte n\u00eb radh\u00eb t\u00eb par\u00eb vullnet politik. Shqiptar\u00ebt duhet t\u00eb dilnin shpejt nga varf\u00ebria. Nuk dol\u00ebm, por b\u00ebm\u00eb hapa shum\u00eb t\u00eb m\u00ebdhenj p\u00ebrpara. Kaluam nga grupi i kombeve me t\u00eb ardhura t\u00eb ul\u00ebta, n\u00eb grupin e kombeve me t\u00eb ardhura t\u00eb mesme t\u00eb larta.<\/p>\n<p>Kjo ishte, dhe aty e dor\u00ebzuam pushtetin, humb\u00ebm zgjedhjet, b\u00ebm\u00eb rotacionin.<\/p>\n<p>\u00c7far\u00eb ndodhi? Ndodhi nj\u00eb dukuri q\u00eb nuk ka ndodhur n\u00eb asnj\u00eb vend tjet\u00ebr t\u00eb Europ\u00ebs.<br \/>\nP\u00ebr 12 vite u ngrin\u00eb rrogat n\u00eb nj\u00eb politik\u00eb absolutisht kriminale, rrogat u ngrin\u00eb, \u00e7mimet u rrit\u00ebn trokthi.<\/p>\n<p>Pensionet u shpall\u00ebn se do indeksoheshin dhe ai u provua nj\u00eb mashtrim i madh. Pensionet absolutisht nuk u indeksuan, por n\u00ebse marrim indeksimin e fundit, q\u00eb nuk ishte as 4 p\u00ebrqind, pensionet sot, 160 mij\u00eb lek\u00eb pensioni mesatar me 143 mij\u00eb q\u00eb ishte pensioni n\u00eb vitin 2013. Po t\u00eb zbres\u00ebsh inflacionin, jan\u00eb t\u00eb pakt\u00ebn 15 p\u00ebrqind m\u00eb t\u00eb ul\u00ebta.<\/p>\n<p>Kjo n\u00eb pamje t\u00eb par\u00eb sepse inflacioni llogaritet duke marr\u00eb p\u00ebr baz\u00eb \u00e7mimet e dhjet\u00ebra artikujve.<br \/>\nMir\u00ebpo p\u00ebr pensionistin, 60 p\u00ebrqind e tyre nuk kan\u00eb asnj\u00eb vler\u00eb, as nuk i blen, as nuk i shet.<\/p>\n<p>Pensionisti ka n\u00eb radh\u00eb t\u00eb par\u00eb produktet baz\u00eb dhe ila\u00e7et.<\/p>\n<p>K\u00ebtu ndalemi. N\u00eb qoft\u00eb se i referohemi inflacionit t\u00eb k\u00ebtyre produkteve, ky inflacion, kjo rritje \u00ebsht\u00eb 3.7 her\u00eb m\u00eb e lart\u00eb se sa e rritja e inflacionit t\u00eb p\u00ebrgjithsh\u00ebm, p\u00ebr t\u00eb cilin jan\u00eb indeksuar pensionist\u00ebt.<\/p>\n<p>Rritja e \u00e7mimeve t\u00eb shport\u00ebs dhe ila\u00e7eve \u00ebsht\u00eb pra 3.7 her\u00eb m\u00eb e lart\u00eb se sa rritja n\u00eb t\u00ebr\u00ebsi e t\u00eb gjith\u00eb produkteve.<\/p>\n<p>Ky \u00ebsht\u00eb pra nj\u00eb mashtrim i madh q\u00eb u b\u00ebhet pensionist\u00ebve, nj\u00eb mashtrim cinik, i pashpirt\u201d, tha Berisha.<\/p>\n","protected":false},"excerpt":{"rendered":"<p>Kryetari i Partis\u00eb Demokratike, Sali Berisha, po zhvillon nj\u00eb takim me pensionist\u00ebt n\u00eb qytetin e Elbasanit. N\u00eb fjal\u00ebn e tij, ai kritikoi ashp\u00ebr qeverin\u00eb p\u00ebr keqmenaxhimin e fondeve publike dhe p\u00ebr rritjen e varf\u00ebris\u00eb n\u00eb m\u00ebnyr\u00eb dramatike q\u00eb nga viti 2013. Berisha theksoi se gjat\u00eb qeverisjes s\u00eb tij, Shqip\u00ebria u shk\u00ebput nga epiteti \u201cm\u00eb e &hellip;<\/p>\n","protected":false},"author":4,"featured_media":98797,"comment_status":"closed","ping_status":"closed","sticky":false,"template":"","format":"standard","meta":{"footnotes":""},"categories":[37],"tags":[],"class_list":["post-98796","post","type-post","status-publish","format-standard","has-post-thumbnail","","category-politike"],"_links":{"self":[{"href":"https:\/\/rdnews.al\/index.php\/wp-json\/wp\/v2\/posts\/98796","targetHints":{"allow":["GET"]}}],"collection":[{"href":"https:\/\/rdnews.al\/index.php\/wp-json\/wp\/v2\/posts"}],"about":[{"href":"https:\/\/rdnews.al\/index.php\/wp-json\/wp\/v2\/types\/post"}],"author":[{"embeddable":true,"href":"https:\/\/rdnews.al\/index.php\/wp-json\/wp\/v2\/users\/4"}],"replies":[{"embeddable":true,"href":"https:\/\/rdnews.al\/index.php\/wp-json\/wp\/v2\/comments?post=98796"}],"version-history":[{"count":1,"href":"https:\/\/rdnews.al\/index.php\/wp-json\/wp\/v2\/posts\/98796\/revisions"}],"predecessor-version":[{"id":98798,"href":"https:\/\/rdnews.al\/index.php\/wp-json\/wp\/v2\/posts\/98796\/revisions\/98798"}],"wp:featuredmedia":[{"embeddable":true,"href":"https:\/\/rdnews.al\/index.php\/wp-json\/wp\/v2\/media\/98797"}],"wp:attachment":[{"href":"https:\/\/rdnews.al\/index.php\/wp-json\/wp\/v2\/media?parent=98796"}],"wp:term":[{"taxonomy":"category","embeddable":true,"href":"https:\/\/rdnews.al\/index.php\/wp-json\/wp\/v2\/categories?post=98796"},{"taxonomy":"post_tag","embeddable":true,"href":"https:\/\/rdnews.al\/index.php\/wp-json\/wp\/v2\/tags?post=98796"}],"curies":[{"name":"wp","href":"https:\/\/api.w.org\/{rel}","templated":true}]}}