{"id":98799,"date":"2024-12-14T11:07:51","date_gmt":"2024-12-14T11:07:51","guid":{"rendered":"https:\/\/rdnews.al\/?p=98799"},"modified":"2024-12-14T11:07:51","modified_gmt":"2024-12-14T11:07:51","slug":"berisha-cfare-ka-mali-i-zi-me-shume-qe-nje-pensionist-atje-merr-3-here-me-shume-se-pensionisti-shqiptar","status":"publish","type":"post","link":"https:\/\/rdnews.al\/index.php\/2024\/12\/14\/berisha-cfare-ka-mali-i-zi-me-shume-qe-nje-pensionist-atje-merr-3-here-me-shume-se-pensionisti-shqiptar\/","title":{"rendered":"Berisha: \u00c7far\u00eb ka Mali i Zi m\u00eb shum\u00eb q\u00eb nj\u00eb pensionist atje merr 3 her\u00eb m\u00eb shum\u00eb se pensionisti shqiptar!"},"content":{"rendered":"<p>Kryetari i PD, Sali Berisha gjat\u00eb fjal\u00ebs s\u00eb tij n\u00eb takimin q\u00eb po zhvillon me pensionit\u00ebt e Elbasanit, u ndal tek rritja qesharake e pensioneve t\u00eb kryera nga qeveria aktuale, duke krahasuar Shqip\u00ebrin\u00eb me Malin e Zi dhe Kosov\u00ebn, dy vende fqinje t\u00eb cil\u00ebt i kan\u00eb pensionet shum\u00eb her\u00eb m\u00eb t\u00eb larta krahasuar me vendin ton\u00eb.<\/p>\n<p><em>Berisha tha se, Edi Rama, duke njohur krimin q\u00eb ka b\u00ebr\u00eb ndaj pensionist\u00ebve, nd\u00ebrmori vall\u00ebn e pashpirt\u00ebsis\u00eb, nd\u00ebrmori nj\u00eb seri takimesh nj\u00eb muaj e gjys\u00ebm se si t\u2019i mashtronte k\u00ebta njer\u00ebz dhe ky \u00ebsht\u00eb krim i r\u00ebnd\u00eb<\/em>.<\/p>\n<p>\u201cEdi Rama, duke njohur krimin q\u00eb ka b\u00ebr\u00eb ndaj pensionist\u00ebve, nd\u00ebrmori vall\u00ebn e pashpirt\u00ebsis\u00eb, nd\u00ebrmori nj\u00eb seri takimesh nj\u00eb muaj e gjys\u00ebm se si t\u2019i mashtronte k\u00ebta njer\u00ebz.<\/p>\n<p>Se si e si fajin e kan\u00eb biznesmen\u00ebt.<\/p>\n<p>Po pse e paskan biznesmen\u00ebt fajin, kur kryeministri ka mbledhur prej tyre 8.2 miliard\u00eb euro.<\/p>\n<p>8.2 miliard\u00eb euro t\u00eb dashur miq jan\u00eb dy buxhete t\u00eb vitit 2008.<\/p>\n<p>\u00c7\u2019faj paskan biznesmen\u00ebt k\u00ebtu? P\u00ebr t\u00eb b\u00ebr\u00eb at\u00eb q\u00eb pensionist\u00ebt t\u00eb shohin me urrejtje biznesmen\u00ebt dhe t\u00eb besojn\u00eb se k\u00ebta jan\u00eb fajtor\u00eb dhe jo qeveria.<\/p>\n<p>Cinike! Fajin e ka ajo q\u00eb trash\u00ebguam dhe ajo q\u00eb trash\u00ebguam \u00ebsht\u00eb kjo.<\/p>\n<p>E di \u00e7do pensionist, gjet\u00ebm pensionin minimal 36 euro, e rrit\u00ebm n\u00eb 82 euro.<\/p>\n<p>Gjet\u00ebm pensionin mesatar 70 euro, e rrit\u00ebm n\u00eb 105 euro.<\/p>\n<p>Sot, pensioni mesatar, sepse euro ishte 140 lek\u00eb, nuk ishte narko-euro, n\u00eb at\u00eb koh\u00eb narko-eurot nuk b\u00ebnin ligjin n\u00eb ekonomi, pra n\u00eb 12 vjet, sot \u00e7do pensionist merr 30 p\u00ebrqind m\u00eb pak po t\u00eb kemi parasysh edhe kursin e k\u00ebmbimit.<\/p>\n<p>E v\u00ebrteta \u00ebsht\u00eb se \u00e7mimet e ushqimeve baz\u00eb jan\u00eb rritur, dhe jan\u00eb krahasuar me \u00e7mimet n\u00eb vendet e BE, nga 10 n\u00eb 250 p\u00ebrqind m\u00eb t\u00eb larta.<\/p>\n<p>Ju keni njer\u00ebz n\u00eb Greqi, Itali, Gjermani, q\u00eb t\u00eb gjith\u00eb pazaret i b\u00ebjn\u00eb me \u00e7mime qart\u00ebsisht m\u00eb t\u00eb lira se n\u00eb Shqip\u00ebri.<\/p>\n<p>Jo, thot\u00eb ky, nuk b\u00ebhet, se po t\u00eb rrisim pensionet, vet\u00ebm sa nuk thot\u00eb se \u00ebsht\u00eb nj\u00eb krim.<\/p>\n<p>Pse nuk rriten pensionet? Po \u00ebsht\u00eb krim t\u00eb mos rriten pensionet.<\/p>\n<p>Sa i ka pensionet sot Mali i Zi? 310 p\u00ebrqind m\u00eb shum\u00eb se ne. Po \u00e7far\u00eb ka Mali i Zi? Ka breg, q\u00eb ne kemi 10 her\u00eb m\u00eb shum\u00eb, ka male q\u00eb ne jkemi shum\u00eb m\u00eb tep\u00ebr, ne kemi fusha, ata nuk kan\u00eb fusha, kemi t\u00eb gjitha llojet e mineraleve.<\/p>\n<p>\u00c7far\u00eb ka Mali i Zi q\u00eb nj\u00eb pensionist t\u00eb marr\u00eb sa 3 pensionist\u00eb tan\u00eb.<\/p>\n<p>270 p\u00ebrqind m\u00eb shum\u00eb merr pensionisti serb. T\u00eb gjith\u00eb n\u00eb vitin 2013 merrnin m\u00eb pak se ju.<\/p>\n<p>280 p\u00ebrqind m\u00eb shum\u00eb merr pensionisti n\u00eb Maqedoni.<\/p>\n<p>Albin Kurti u tha pensionist\u00ebve para 1 muaji, do ua rris 20 p\u00ebrqind. Mori 100 milion\u00eb euro dhe i \u00e7oi n\u00eb fondin e pensioneve.<\/p>\n<p>Po ne me 8 miliard\u00eb buxhetin, p\u00ebr 780 mij\u00eb pensionist\u00ebve, po \u00e7far\u00eb p\u00ebson shteti n\u00ebse merr 800 milion\u00eb dhe i \u00e7on n\u00eb fondin e pensioneve?<\/p>\n<p>Si i sheh k\u00ebta njer\u00ebz ai? \u00c7far\u00eb i konsideron ai k\u00ebta? Njer\u00ebz q\u00eb flasin me vete se nuk mbyllin dot muajin.\u00a0Ky \u00ebsht\u00eb krim, krim i r\u00ebnd\u00eb!\u201d, tha Berisha.<\/p>\n","protected":false},"excerpt":{"rendered":"<p>Kryetari i PD, Sali Berisha gjat\u00eb fjal\u00ebs s\u00eb tij n\u00eb takimin q\u00eb po zhvillon me pensionit\u00ebt e Elbasanit, u ndal tek rritja qesharake e pensioneve t\u00eb kryera nga qeveria aktuale, duke krahasuar Shqip\u00ebrin\u00eb me Malin e Zi dhe Kosov\u00ebn, dy vende fqinje t\u00eb cil\u00ebt i kan\u00eb pensionet shum\u00eb her\u00eb m\u00eb t\u00eb larta krahasuar me vendin &hellip;<\/p>\n","protected":false},"author":4,"featured_media":98800,"comment_status":"closed","ping_status":"closed","sticky":false,"template":"","format":"standard","meta":{"footnotes":""},"categories":[37],"tags":[],"class_list":["post-98799","post","type-post","status-publish","format-standard","has-post-thumbnail","","category-politike"],"_links":{"self":[{"href":"https:\/\/rdnews.al\/index.php\/wp-json\/wp\/v2\/posts\/98799","targetHints":{"allow":["GET"]}}],"collection":[{"href":"https:\/\/rdnews.al\/index.php\/wp-json\/wp\/v2\/posts"}],"about":[{"href":"https:\/\/rdnews.al\/index.php\/wp-json\/wp\/v2\/types\/post"}],"author":[{"embeddable":true,"href":"https:\/\/rdnews.al\/index.php\/wp-json\/wp\/v2\/users\/4"}],"replies":[{"embeddable":true,"href":"https:\/\/rdnews.al\/index.php\/wp-json\/wp\/v2\/comments?post=98799"}],"version-history":[{"count":1,"href":"https:\/\/rdnews.al\/index.php\/wp-json\/wp\/v2\/posts\/98799\/revisions"}],"predecessor-version":[{"id":98801,"href":"https:\/\/rdnews.al\/index.php\/wp-json\/wp\/v2\/posts\/98799\/revisions\/98801"}],"wp:featuredmedia":[{"embeddable":true,"href":"https:\/\/rdnews.al\/index.php\/wp-json\/wp\/v2\/media\/98800"}],"wp:attachment":[{"href":"https:\/\/rdnews.al\/index.php\/wp-json\/wp\/v2\/media?parent=98799"}],"wp:term":[{"taxonomy":"category","embeddable":true,"href":"https:\/\/rdnews.al\/index.php\/wp-json\/wp\/v2\/categories?post=98799"},{"taxonomy":"post_tag","embeddable":true,"href":"https:\/\/rdnews.al\/index.php\/wp-json\/wp\/v2\/tags?post=98799"}],"curies":[{"name":"wp","href":"https:\/\/api.w.org\/{rel}","templated":true}]}}