{"id":98806,"date":"2024-12-14T11:29:05","date_gmt":"2024-12-14T11:29:05","guid":{"rendered":"https:\/\/rdnews.al\/?p=98806"},"modified":"2024-12-14T11:29:05","modified_gmt":"2024-12-14T11:29:05","slug":"zotimi-i-berishes-ne-3-muajt-e-pare-do-e-kthejme-permbys-kete-skeme-cnjerezore-shperndarjeje","status":"publish","type":"post","link":"https:\/\/rdnews.al\/index.php\/2024\/12\/14\/zotimi-i-berishes-ne-3-muajt-e-pare-do-e-kthejme-permbys-kete-skeme-cnjerezore-shperndarjeje\/","title":{"rendered":"Zotimi i Berish\u00ebs: N\u00eb 3 muajt e par\u00eb do e kthejm\u00eb p\u00ebrmbys k\u00ebt\u00eb skem\u00eb \u00e7njer\u00ebzore shp\u00ebrndarjeje!"},"content":{"rendered":"<p>Kryetari i Partis\u00eb Demokratike, Sali Berisha, gjat\u00eb fjal\u00ebs s\u00eb tij n\u00eb takimin q\u00eb po zhvillon me pensionist\u00ebt e Elbasanit u zotua se n\u00eb n\u00eb 3 muajt e par\u00eb, n\u00eb m\u00ebnyr\u00eb absolute do e kthej\u00eb p\u00ebrmbys k\u00ebt\u00eb skem\u00eb \u00e7njer\u00ebzore shp\u00ebrndarje.<\/p>\n<p><em>Berisha tha se, do t\u2019i i rikthehemi pensionistit, t\u00eb riut, fermerit, qytetarit, dhe ju garantoj se nuk do mbetet asnj\u00eb projekt pa zbatuar.<\/em><\/p>\n<p>\u201cUn\u00eb kam ardhur sot p\u00ebr t\u2019u zotuar para jush se ne n\u00eb 3 muajt e par\u00eb, n\u00eb m\u00ebnyr\u00eb absolute do e kthejm\u00eb p\u00ebrmbys k\u00ebt\u00eb skem\u00eb \u00e7njer\u00ebzore shp\u00ebrndarje.<\/p>\n<p>Jo, ne do investojm\u00eb tek njeriu.<\/p>\n<p>Do i rikthehemi qytetar\u00ebve.<\/p>\n<p>Do i rikthehemi pensionistit, t\u00eb riut, fermerit, qytetarit.<\/p>\n<p>Dhe ju garantoj se nuk do mbetet asnj\u00eb projekt pa zbatuar.<\/p>\n<p>Por, duhet t\u00eb jemi i sinqert\u00eb, sikur t\u00eb mendoja se parat\u00eb nuk ekzistojn\u00eb p\u00ebr projektet, un\u00eb p\u00ebrpara projekteve do p\u00ebrpar\u00ebsoja qytetar\u00ebt, pastaj projektet.<\/p>\n<p>Por n\u00eb buxhetin aktual p\u00ebrpar\u00ebsohen qytetar\u00ebt dhe p\u00ebrmbyset shp\u00ebrndarja dhe projektet zbatohen me standardet e vendeve evropiane.<\/p>\n<p>Sigurisht po t\u00eb vini re ju, shpenzimet paranojave, shkoi dhe shpenzoi n\u00eb Kuk\u00ebs, aeroporti u ngrit gjat\u00eb periudh\u00ebs s\u00eb luft\u00ebs n\u00eb Kosov\u00eb, k\u00ebput\u00ebn edhe 15 milion\u00eb t\u00eb tjera dhe p\u00ebrve\u00e7 sorrave dhe zogjve, aty aeroplan nuk ulet. Nuk ta merr kush edhe po t\u2019ua fal\u00ebsh. Po pse, sepse \u00ebsht\u00eb nj\u00eb or\u00eb e gjysm\u00eb nga Tirana.<\/p>\n<p>Asnj\u00eb, p\u00ebrve\u00e7 nj\u00eb avioni q\u00eb e ul\u00ebn p\u00ebr t\u00eb mashtruar kuksianet se gjoja po vinte nga Londra, ai vinte nga Tirana n\u00eb Kuk\u00ebs.<\/p>\n<p>Pse b\u00ebhen k\u00ebto? K\u00ebto b\u00ebhen vet\u00ebm p\u00ebr t\u00eb vjedhur.<\/p>\n<p>Aeroporti i Vlor\u00ebs, po e donte jugu nj\u00eb aeroport, por aeroporti i Vlor\u00ebs gjobit secilin shqiptar \u00e7do bilet\u00eb q\u00eb \u00ebsht\u00eb n\u00ebn 600 mij\u00eb. Pra, n\u00ebse vijn\u00eb vitin e par\u00eb 100 mij\u00eb pasagjer\u00eb, 500 mij\u00eb do i paguajm\u00eb ne. E kuptoni kontrat\u00ebn?<\/p>\n<p>A nuk \u00ebsht\u00eb ky nj\u00eb krim i sh\u00ebmtuar? Po kush \u00ebsht\u00eb ai n\u00eb Shqip\u00ebri q\u00eb nuk e di se ne nuk mund t\u00eb kemi turiz\u00ebm vjetor. Nuk jemi Antalja ne, nuk jemi as jugu i Greqis\u00eb, jemi nj\u00eb vend me klim\u00eb t\u00eb mrekullueshme, por turiz\u00ebm gjith\u00ebvjetor nuk t\u00eb lejon. At\u00ebher\u00eb aeroporti mbetet p\u00ebr dy muaj. Sepse nj\u00eb aeroport mund ta nd\u00ebrtosh me 15 milion\u00eb euro dhe funksionon, mund ta nd\u00ebrtosh edhe me 1 miliard euro dhe funksionon. Dhe ky do nd\u00ebrtoj\u00eb aeroportin m\u00eb t\u00eb madh n\u00eb rajon. A nuk \u00ebsht\u00eb ky nj\u00eb p\u00ebr\u00e7mim p\u00ebr njer\u00ebzit e tu?<\/p>\n<p>Ua them k\u00ebto p\u00ebr t\u00eb ditur se parat\u00eb jan\u00eb, por do b\u00ebhet nj\u00eb shp\u00ebrndarje krejt tjet\u00ebr.<\/p>\n<p>Ndaj dhe ne kemi vendosur s\u00eb pari t\u00eb vendosim minimumin jetik p\u00ebr \u00e7do shqiptar 200 euro vitin e par\u00eb si hapin e par\u00eb. Dhe mbi k\u00ebt\u00eb 200 euro do llogarisim pensionet.<\/p>\n<p>Pra, pensionisti malazez sot merr 430 euro pensionin mesatar, e kuptoni ku jemi ne, ku na vidhisi ky regjim? T\u00eb marr\u00eb malazezi tre her\u00eb m\u00eb shum\u00eb se ne. Po pse? Se nuk vjedhin si k\u00ebtu tek ne.<\/p>\n<p>Flet p\u00ebr turizmin ky, po u jap nj\u00eb shif\u00ebr.<\/p>\n<p>Na erdh\u00ebn 10 milion\u00eb turist\u00eb, thot\u00eb, por t\u00eb regjistruara jan\u00eb 6 milion\u00eb net fjetje. I bie q\u00eb turisti t\u00eb ket\u00eb fjetur gjysm\u00eb nate n\u00eb Shqip\u00ebri.<\/p>\n<p>Mali i Zi ka marr\u00eb 2.6 milion\u00eb turist\u00eb, ka 16 milion\u00eb net fjetje.<\/p>\n<p>Po \u00ebsht\u00eb shtet ai, nuk \u00ebsht\u00eb narkoshtet q\u00eb t\u00eb mashtroj\u00eb p\u00ebr \u00e7do gj\u00eb, t\u00eb trilloj\u00eb p\u00ebr \u00e7do gj\u00eb.<\/p>\n<p>Mir\u00ebpo kjo \u00ebsht\u00eb gjysma e t\u00eb keqes, m\u00eb e tmerrshme \u00ebsht\u00eb kjo, sepse nga shitjet e p\u00ebrgjithshme n\u00eb fush\u00ebn turistike, jan\u00eb gjithsej 140 milion\u00eb. Nga k\u00ebto, tatimet kan\u00eb p\u00ebrfituar 8 milion\u00eb euro.<\/p>\n<p>Pra nga 10 milion\u00eb turist\u00eb q\u00eb na kan\u00eb ardhur, arka e shtetit ka fituar 8 milion\u00eb euro. Secili prej jush ka p\u00ebrfituar nga 4 euro p\u00ebr turist.<\/p>\n<p>Tani sa shpenzojm\u00eb ne p\u00ebr turizmin? \u00c7do vit shpenzojm\u00eb 450 milion\u00eb euro.<\/p>\n<p>\u00c7do vit paguhet p\u00ebr turisin 230 euro, sepse Edi Rama investon n\u00eb resortet turistike t\u00eb Artan Ga\u00e7it dhe Artan Ga\u00e7\u00ebve, n\u00eb vit 430 milion\u00eb euro.<\/p>\n<p>Pra, nj\u00eb potencial shum\u00eb i madh ekonomik p\u00ebr ne, kthehet n\u00eb nd\u00ebshkim, nj\u00eblloj si\u00e7 kthehen pasurit\u00eb publike n\u00eb nd\u00ebshkim n\u00eb regjimet koloniale\u201d, u shpreh Berisha.<\/p>\n","protected":false},"excerpt":{"rendered":"<p>Kryetari i Partis\u00eb Demokratike, Sali Berisha, gjat\u00eb fjal\u00ebs s\u00eb tij n\u00eb takimin q\u00eb po zhvillon me pensionist\u00ebt e Elbasanit u zotua se n\u00eb n\u00eb 3 muajt e par\u00eb, n\u00eb m\u00ebnyr\u00eb absolute do e kthej\u00eb p\u00ebrmbys k\u00ebt\u00eb skem\u00eb \u00e7njer\u00ebzore shp\u00ebrndarje. Berisha tha se, do t\u2019i i rikthehemi pensionistit, t\u00eb riut, fermerit, qytetarit, dhe ju garantoj se &hellip;<\/p>\n","protected":false},"author":4,"featured_media":98807,"comment_status":"closed","ping_status":"closed","sticky":false,"template":"","format":"standard","meta":{"footnotes":""},"categories":[37],"tags":[],"class_list":["post-98806","post","type-post","status-publish","format-standard","has-post-thumbnail","","category-politike"],"_links":{"self":[{"href":"https:\/\/rdnews.al\/index.php\/wp-json\/wp\/v2\/posts\/98806","targetHints":{"allow":["GET"]}}],"collection":[{"href":"https:\/\/rdnews.al\/index.php\/wp-json\/wp\/v2\/posts"}],"about":[{"href":"https:\/\/rdnews.al\/index.php\/wp-json\/wp\/v2\/types\/post"}],"author":[{"embeddable":true,"href":"https:\/\/rdnews.al\/index.php\/wp-json\/wp\/v2\/users\/4"}],"replies":[{"embeddable":true,"href":"https:\/\/rdnews.al\/index.php\/wp-json\/wp\/v2\/comments?post=98806"}],"version-history":[{"count":1,"href":"https:\/\/rdnews.al\/index.php\/wp-json\/wp\/v2\/posts\/98806\/revisions"}],"predecessor-version":[{"id":98808,"href":"https:\/\/rdnews.al\/index.php\/wp-json\/wp\/v2\/posts\/98806\/revisions\/98808"}],"wp:featuredmedia":[{"embeddable":true,"href":"https:\/\/rdnews.al\/index.php\/wp-json\/wp\/v2\/media\/98807"}],"wp:attachment":[{"href":"https:\/\/rdnews.al\/index.php\/wp-json\/wp\/v2\/media?parent=98806"}],"wp:term":[{"taxonomy":"category","embeddable":true,"href":"https:\/\/rdnews.al\/index.php\/wp-json\/wp\/v2\/categories?post=98806"},{"taxonomy":"post_tag","embeddable":true,"href":"https:\/\/rdnews.al\/index.php\/wp-json\/wp\/v2\/tags?post=98806"}],"curies":[{"name":"wp","href":"https:\/\/api.w.org\/{rel}","templated":true}]}}