{"id":98811,"date":"2024-12-14T11:47:12","date_gmt":"2024-12-14T11:47:12","guid":{"rendered":"https:\/\/rdnews.al\/?p=98811"},"modified":"2024-12-14T11:47:12","modified_gmt":"2024-12-14T11:47:12","slug":"berisha-ju-garantoj-se-ne-qeverisjen-e-ardhshme-shqiptaret-do-kene-rrogat-dhe-pensionet-me-te-larta-ne-rajon","status":"publish","type":"post","link":"https:\/\/rdnews.al\/index.php\/2024\/12\/14\/berisha-ju-garantoj-se-ne-qeverisjen-e-ardhshme-shqiptaret-do-kene-rrogat-dhe-pensionet-me-te-larta-ne-rajon\/","title":{"rendered":"Berisha: Ju garantoj se n\u00eb qeverisjen e ardhshme shqiptar\u00ebt do ken\u00eb rrogat dhe pensionet m\u00eb t\u00eb larta n\u00eb rajon"},"content":{"rendered":"<p>Kryetari i Partis\u00eb Demokratike, Sali Berisha, po zhvillon\u00a0nj\u00eb takim me pensionist\u00ebt n\u00eb Elbasan, ku kritikoi ashp\u00ebr qeverin\u00eb p\u00ebr neglizhenc\u00ebn ndaj shtresave m\u00eb t\u00eb prekura t\u00eb shoq\u00ebris\u00eb. N\u00eb fjal\u00ebn e tij, ai akuzoi kabinetin qeveritar p\u00ebr shp\u00ebrdorimin e fondeve publike dhe p\u00ebr p\u00ebrqendrimin e buxhetit n\u00eb projekte q\u00eb favorizojn\u00eb korrupsionin dhe klientelizmin.<\/p>\n<p>Berisha vuri n\u00eb dukje gjendjen e r\u00ebnduar t\u00eb pensionist\u00ebve dhe fermer\u00ebve, t\u00eb cil\u00ebt, sipas tij, p\u00ebrballen me varf\u00ebri ekstreme dhe munges\u00eb mb\u00ebshtetjeje nga shteti. Ai premtoi rritje t\u00eb ndjeshme t\u00eb rrogave dhe pensioneve, duke theksuar nevoj\u00ebn p\u00ebr p\u00ebrshkall\u00ebzim t\u00eb \u00e7mimeve t\u00eb energjis\u00eb dhe sh\u00ebrbimeve baz\u00eb, p\u00ebr t\u00eb leht\u00ebsuar barr\u00ebn financiare mbi qytetar\u00ebt. Lideri i opozit\u00ebs k\u00ebrkoi bashkim dhe veprim t\u00eb koordinuar p\u00ebr t\u00eb sjell\u00eb ndryshimin, duke premtuar paga dhe pensione m\u00eb t\u00eb larta se ato n\u00eb vendet e rajonit. Ai e cil\u00ebsoi qeverin\u00eb aktuale si nj\u00eb regjim t\u00eb pandjesh\u00ebm dhe t\u00eb verbuar nga korrupsioni, duke k\u00ebrkuar nj\u00eb front t\u00eb p\u00ebrbashk\u00ebt p\u00ebr ta larguar at\u00eb nga pushteti.<\/p>\n<p>\u201cKy regjim n\u00eb raport me qytetarin \u00ebsht\u00eb nj\u00eb shfryt\u00ebzues i eg\u00ebr. Po si mund t\u00eb pranosh nj\u00eb gj\u00eb t\u00eb till\u00eb si kryeminist\u00ebr, kur e di se mbledh gjithsej 8 milion\u00eb, se i ke ulur vet\u00eb taksat, dhe tani shkon e investon p\u00ebr to? Kjo nuk b\u00ebhet kurr\u00eb. Kjo \u00ebsht\u00eb nj\u00eblloj si Hoxha q\u00eb nd\u00ebrtonte bunkere dhe shtrini qaf\u00ebn juve, thoshte.<\/p>\n<p>Pra, kjo politik\u00eb merr fund.<\/p>\n<p>Ne do vendosim rrog\u00ebn minimale 500 euro si fillim, rrog\u00ebn mesatare 1200 euro.<\/p>\n<p>Nuk mundet kurr\u00eb q\u00eb pensionisti t\u00eb paguaj\u00eb energjin\u00eb elektrike me t\u00eb nj\u00ebjtin \u00e7mim q\u00eb paguan rrog\u00ebmesmi dhe rrog\u00eblarti.<\/p>\n<p>Sot \u00e7do pensionist paguan energjin\u00eb nj\u00ebsoj si ata q\u00eb marrin 7 mij\u00eb euro n\u00eb shtet.<\/p>\n<p>Nuk ka mund\u00ebsi kurr\u00eb.<\/p>\n<p>Ne do b\u00ebjm\u00eb p\u00ebrshkall\u00ebzim, proporcionim t\u00eb plot\u00eb t\u00eb energjis\u00eb, t\u00eb ujit dhe sh\u00ebrbimeve.<\/p>\n<p>N\u00eb k\u00ebt\u00eb m\u00ebnyr\u00eb me nj\u00eb nd\u00ebrhyrje emergjente ne besojm\u00eb se do leht\u00ebsojm\u00eb dhmbjet e k\u00ebsaj skamje q\u00eb ka krijuar q\u00ebndrimi i qeveris\u00eb me rrogat dhe pensionet.<\/p>\n<p>Natyrisht ne e kemi pasur dhe e mbajt\u00ebm, do e kemi dhe do e mbajm\u00eb, si q\u00ebllim q\u00eb shqiptar\u00ebt t\u00eb jen\u00eb m\u00eb t\u00eb paguarit n\u00eb rajon.<\/p>\n<p>Ju garantoj se n\u00eb qeverisjen e ardhshme, qytetar\u00ebt shqiptar\u00eb do ken\u00eb rrogat m\u00eb t\u00eb larta dhe pensionet m\u00eb t\u00eb larta n\u00eb rajon.<\/p>\n<p>Por kjo k\u00ebrkon t\u00eb b\u00ebjm\u00eb shum\u00eb pun\u00eb, k\u00ebrkon q\u00eb t\u00eb diskutojm\u00eb me nj\u00ebri-tjetrin, k\u00ebrkon q\u00eb t\u00eb krijojm\u00eb nj\u00eb front.<\/p>\n<p>M\u00eb thoni mua \u00e7far\u00eb e lidh pensionistin socialist me Edi Ram\u00ebn sot?<\/p>\n<p>Un\u00eb ua thash\u00eb me sinqeritet, po u vij n\u00eb mbledhjen e grupit parlamentar, po si mund t\u00eb diskutoni ju 16 milion\u00eb euro n\u00eb nj\u00eb buxhet 8.2 miliard\u00eb, t\u2019u lini 800 mij\u00eb qytetar\u00ebve vet\u00ebm 16 milion\u00eb euro. Ka gj\u00eb m\u00eb t\u00eb turpshme se kjo, a keni prind\u00ebr ju, a keni zgjedh\u00ebs ju, k\u00ebt\u00eb do u thoja. Si mund t\u00eb votoni nj\u00eb gj\u00eb t\u00eb till\u00eb? Po k\u00ebta shohin vet\u00ebm pasurimin e tyre.<\/p>\n<p>Ky q\u00ebndrim gjakftoht\u00eb ndaj 800 mij\u00eb qytetar\u00ebve nuk mund t\u00eb mbahet vet\u00ebm kur vjedhja t\u00eb ka verbuar.<\/p>\n<p>Po k\u00ebshtu fermer\u00ebt jan\u00eb 35-40 p\u00ebrqind e shoq\u00ebris\u00eb son\u00eb. Asnj\u00eb ndihm\u00eb. 44 milion\u00eb. Japin 20 \u00ebrqind t\u00eb prodhimit bruto. N\u00eb buxhet u jan\u00eb l\u00ebn\u00eb 44 milion\u00eb.<\/p>\n<p>Ato 44 milion\u00eb, dy t\u00eb tretat ua vjedh administrata, ju garantoj, \u00ebsht\u00eb e studiuar.<\/p>\n<p>Edhe ato 140 milion\u00eb q\u00eb i merrnin nga BE,i vodh\u00ebn dhe BE i ndaloi. Njeriu p\u00ebrgjegj\u00ebs p\u00ebr to \u00ebsht\u00eb k\u00ebshilltare kryesore e Edi Ram\u00ebs\u201d, tha Berisha.<\/p>\n","protected":false},"excerpt":{"rendered":"<p>Kryetari i Partis\u00eb Demokratike, Sali Berisha, po zhvillon\u00a0nj\u00eb takim me pensionist\u00ebt n\u00eb Elbasan, ku kritikoi ashp\u00ebr qeverin\u00eb p\u00ebr neglizhenc\u00ebn ndaj shtresave m\u00eb t\u00eb prekura t\u00eb shoq\u00ebris\u00eb. N\u00eb fjal\u00ebn e tij, ai akuzoi kabinetin qeveritar p\u00ebr shp\u00ebrdorimin e fondeve publike dhe p\u00ebr p\u00ebrqendrimin e buxhetit n\u00eb projekte q\u00eb favorizojn\u00eb korrupsionin dhe klientelizmin. Berisha vuri n\u00eb dukje &hellip;<\/p>\n","protected":false},"author":4,"featured_media":98795,"comment_status":"closed","ping_status":"closed","sticky":false,"template":"","format":"standard","meta":{"footnotes":""},"categories":[37],"tags":[],"class_list":["post-98811","post","type-post","status-publish","format-standard","has-post-thumbnail","","category-politike"],"_links":{"self":[{"href":"https:\/\/rdnews.al\/index.php\/wp-json\/wp\/v2\/posts\/98811","targetHints":{"allow":["GET"]}}],"collection":[{"href":"https:\/\/rdnews.al\/index.php\/wp-json\/wp\/v2\/posts"}],"about":[{"href":"https:\/\/rdnews.al\/index.php\/wp-json\/wp\/v2\/types\/post"}],"author":[{"embeddable":true,"href":"https:\/\/rdnews.al\/index.php\/wp-json\/wp\/v2\/users\/4"}],"replies":[{"embeddable":true,"href":"https:\/\/rdnews.al\/index.php\/wp-json\/wp\/v2\/comments?post=98811"}],"version-history":[{"count":1,"href":"https:\/\/rdnews.al\/index.php\/wp-json\/wp\/v2\/posts\/98811\/revisions"}],"predecessor-version":[{"id":98812,"href":"https:\/\/rdnews.al\/index.php\/wp-json\/wp\/v2\/posts\/98811\/revisions\/98812"}],"wp:featuredmedia":[{"embeddable":true,"href":"https:\/\/rdnews.al\/index.php\/wp-json\/wp\/v2\/media\/98795"}],"wp:attachment":[{"href":"https:\/\/rdnews.al\/index.php\/wp-json\/wp\/v2\/media?parent=98811"}],"wp:term":[{"taxonomy":"category","embeddable":true,"href":"https:\/\/rdnews.al\/index.php\/wp-json\/wp\/v2\/categories?post=98811"},{"taxonomy":"post_tag","embeddable":true,"href":"https:\/\/rdnews.al\/index.php\/wp-json\/wp\/v2\/tags?post=98811"}],"curies":[{"name":"wp","href":"https:\/\/api.w.org\/{rel}","templated":true}]}}