{"id":98878,"date":"2024-12-16T09:31:52","date_gmt":"2024-12-16T09:31:52","guid":{"rendered":"https:\/\/rdnews.al\/?p=98878"},"modified":"2024-12-16T09:31:52","modified_gmt":"2024-12-16T09:31:52","slug":"skeme-pastrimi-parash-si-veliaj-i-dha-lejen-per-pallat-te-denuarit-ne-belgjike","status":"publish","type":"post","link":"https:\/\/rdnews.al\/index.php\/2024\/12\/16\/skeme-pastrimi-parash-si-veliaj-i-dha-lejen-per-pallat-te-denuarit-ne-belgjike\/","title":{"rendered":"Skem\u00eb pastrimi parash\/ Si Veliaj i dha lejen p\u00ebr pallat t\u00eb d\u00ebnuarit n\u00eb Belgjik\u00eb!"},"content":{"rendered":"<p>Kryetari i Bashkis\u00eb s\u00eb Tiran\u00ebs, Erjon Veliaj, \u00ebsht\u00eb vendosur p\u00ebrball\u00eb nj\u00eb hetimi pasuror t\u00eb nisur nga SPAK, i cili mori iniciativ\u00ebn p\u00ebrmes nj\u00eb letre anonime, q\u00eb ka mb\u00ebrritur n\u00eb zyrat e Prokuroris\u00eb s\u00eb Posa\u00e7me.<\/p>\n<p>SPAK ka ngritur dyshime t\u00eb forta se, Erjon Veliaj \u00ebsht\u00eb p\u00ebrfshir\u00eb n\u00eb nj\u00eb skem\u00eb pastrimi parash dhe korrupsion, duke pasur si bashk\u00ebpun\u00ebtor\u00eb, gruan e tij, Ajola Xoxa, familjar\u00ebt e k\u00ebsaj t\u00eb fundit, v\u00ebllain e tij, Arb\u00ebr Veliaj, Adela Kondak\u00e7i, si dhe \u00e7iftin Marisa Nito dhe biznesmenin kontravers, Elman Abule.<\/p>\n<p>Abule njihet n\u00eb Shqip\u00ebri si biznesmen i aluminit, por n\u00eb Belgjik\u00eb ai ka nj\u00eb t\u00eb kaluar si hajdut.<\/p>\n<p>Dokumentet e siguruara nga media tregojn\u00eb se Elman Abule, q\u00eb sot n\u00eb Tiran\u00eb konsiderohet biznesmen i suksessh\u00ebm, n\u00eb vitin 2004-2005, ka qen\u00eb n\u00eb Belgjik\u00eb nj\u00eb hajdut i dhunsh\u00ebm, duke p\u00ebrdorur \u00e7el\u00ebsa t\u00eb kopjuar dhe metod\u00ebn e thyerjes.<\/p>\n<p>Dhe p\u00ebr k\u00ebt\u00eb aktivitet kriminal n\u00eb janar 2007 \u00ebsht\u00eb d\u00ebnuar n\u00eb Antvverp, Belgjik\u00eb me dy vite burgim p\u00ebr \u201cVjedhje n\u00eb rrethana r\u00ebnduese\u201d dhe Mbajtje dhe tregtimin e sendeve t\u00eb vjedhura\u201d.<\/p>\n<p>Nd\u00ebrsa me 1 vit burg \u00ebsht\u00eb d\u00ebnuar p\u00ebr akuz\u00ebn e krijimit t\u00eb band\u00ebs s\u00eb hajdut\u00ebve.<\/p>\n<p>Por pavar\u00ebsisht k\u00ebsaj situate, Abule, ka hyr\u00eb me shum\u00eb sukses n\u00eb bot\u00ebn e biznesit n\u00eb Shqip\u00ebri, duke krijuar lidhje t\u00eb drejtp\u00ebrdrejta me, kryetarin e Bashkis\u00eb s\u00eb Tiran\u00ebs, Erjon Veliaj dhe politikan\u00eb lokal\u00eb.<\/p>\n<p>Gazetar\u00ebt e redaksis\u00eb \u201cOra News\u201d jan\u00eb informuar nga nj\u00eb banor i zon\u00ebs me inicialet M.K, se pallati do nd\u00ebrtohet mbi nj\u00eb lulishte.<\/p>\n<p>\u201c&#8230;un\u00eb jam nj\u00eb banor i kombinatit aty ku \u201cFidalba\u201d Sh.p.k ka mar\u00eb nj\u00eb lej\u00eb nd\u00ebrtimi, duke transferuar nj\u00eb lulishte n\u00eb nj\u00eb pron\u00eb private&#8230;\u201d-shkruan qytetari M.K.<\/p>\n<p>Qytetari i ka v\u00ebn\u00eb n\u00eb dispozicion redaksis\u00eb disa fotografi t\u00eb lejes s\u00eb nd\u00ebrtimit dhe projektit t\u00eb pallatit q\u00eb do nd\u00ebrtohej.<\/p>\n<p>N\u00eb fakt, n\u00eb 10 Janar 2024, kompania \u201cFidalba\u201d me pronar Elman Abule, ka marr\u00eb nj\u00eb leje nd\u00ebrtimi t\u00eb firmosur nga Erjon Veliaj, p\u00ebr nd\u00ebrtimin e nj\u00eb pallati 7 kat\u00ebsh, plus dy kate n\u00ebn tok\u00eb n\u00eb zon\u00ebn e \u201cKombinatit\u201d.<\/p>\n<p>B\u00ebhet fjal\u00eb p\u00ebr nj\u00eb sip\u00ebrfaqe prej 1591 metra katror q\u00eb ishte lulishte dhe q\u00eb n\u00eb 10 Janar 2024, Veliaj miratoi lejen p\u00ebr nd\u00ebrtimin e pallatit.<\/p>\n<p>Kund\u00ebr nd\u00ebrtimit t\u00eb k\u00ebtij pallati q\u00eb ndodhet n\u00eb rrug\u00ebn \u201cLlambi Bonata\u201d n\u00eb Kombinat, n\u00eb muajin korrik 2024, ka pasur nj\u00eb protest\u00eb t\u00eb banor\u00ebve t\u00eb zon\u00ebs, me q\u00ebllim pengimin dhe moslejimin e nd\u00ebrtimit.<\/p>\n<p>Tashm\u00eb ky nd\u00ebrtim \u00ebsht\u00eb bllokuar totalisht, jo vet\u00ebm p\u00ebr shkak t\u00eb protestave t\u00eb banor\u00ebve, por dhe p\u00ebr shkak se dy pronar\u00ebt e tok\u00ebs, kan\u00eb revokuar kontratat noteriale t\u00eb lidhura me Elman Abulen, duke e konsideruar at\u00eb si jo t\u00eb p\u00ebrshtatsh\u00ebm p\u00ebr zhvillimin e pron\u00ebs.<\/p>\n<p>Pavar\u00ebsisht k\u00ebsaj, SPAK vijon t\u00eb hetoj\u00eb marr\u00ebdh\u00ebnien financiare mes Abules dhe njer\u00ebzve t\u00eb af\u00ebrt t\u00eb Erjon Veliaj, p\u00ebr shkak t\u00eb nj\u00eb hetimi q\u00eb ka nisur qysh n\u00eb muajin maj 2024 p\u00ebr disa akuza penale.<\/p>\n<p>&nbsp;<\/p>\n","protected":false},"excerpt":{"rendered":"<p>Kryetari i Bashkis\u00eb s\u00eb Tiran\u00ebs, Erjon Veliaj, \u00ebsht\u00eb vendosur p\u00ebrball\u00eb nj\u00eb hetimi pasuror t\u00eb nisur nga SPAK, i cili mori iniciativ\u00ebn p\u00ebrmes nj\u00eb letre anonime, q\u00eb ka mb\u00ebrritur n\u00eb zyrat e Prokuroris\u00eb s\u00eb Posa\u00e7me. SPAK ka ngritur dyshime t\u00eb forta se, Erjon Veliaj \u00ebsht\u00eb p\u00ebrfshir\u00eb n\u00eb nj\u00eb skem\u00eb pastrimi parash dhe korrupsion, duke pasur si &hellip;<\/p>\n","protected":false},"author":4,"featured_media":98879,"comment_status":"closed","ping_status":"closed","sticky":false,"template":"","format":"standard","meta":{"footnotes":""},"categories":[37],"tags":[],"class_list":["post-98878","post","type-post","status-publish","format-standard","has-post-thumbnail","","category-politike"],"_links":{"self":[{"href":"https:\/\/rdnews.al\/index.php\/wp-json\/wp\/v2\/posts\/98878","targetHints":{"allow":["GET"]}}],"collection":[{"href":"https:\/\/rdnews.al\/index.php\/wp-json\/wp\/v2\/posts"}],"about":[{"href":"https:\/\/rdnews.al\/index.php\/wp-json\/wp\/v2\/types\/post"}],"author":[{"embeddable":true,"href":"https:\/\/rdnews.al\/index.php\/wp-json\/wp\/v2\/users\/4"}],"replies":[{"embeddable":true,"href":"https:\/\/rdnews.al\/index.php\/wp-json\/wp\/v2\/comments?post=98878"}],"version-history":[{"count":1,"href":"https:\/\/rdnews.al\/index.php\/wp-json\/wp\/v2\/posts\/98878\/revisions"}],"predecessor-version":[{"id":98880,"href":"https:\/\/rdnews.al\/index.php\/wp-json\/wp\/v2\/posts\/98878\/revisions\/98880"}],"wp:featuredmedia":[{"embeddable":true,"href":"https:\/\/rdnews.al\/index.php\/wp-json\/wp\/v2\/media\/98879"}],"wp:attachment":[{"href":"https:\/\/rdnews.al\/index.php\/wp-json\/wp\/v2\/media?parent=98878"}],"wp:term":[{"taxonomy":"category","embeddable":true,"href":"https:\/\/rdnews.al\/index.php\/wp-json\/wp\/v2\/categories?post=98878"},{"taxonomy":"post_tag","embeddable":true,"href":"https:\/\/rdnews.al\/index.php\/wp-json\/wp\/v2\/tags?post=98878"}],"curies":[{"name":"wp","href":"https:\/\/api.w.org\/{rel}","templated":true}]}}