{"id":98884,"date":"2024-12-16T10:23:14","date_gmt":"2024-12-16T10:23:14","guid":{"rendered":"https:\/\/rdnews.al\/?p=98884"},"modified":"2024-12-16T10:23:14","modified_gmt":"2024-12-16T10:23:14","slug":"minatoret-serish-ne-proteste-para-kryeministrise","status":"publish","type":"post","link":"https:\/\/rdnews.al\/index.php\/2024\/12\/16\/minatoret-serish-ne-proteste-para-kryeministrise\/","title":{"rendered":"Minator\u00ebt s\u00ebrish n\u00eb protest\u00eb para Kryeministris\u00eb!"},"content":{"rendered":"<p>Minator\u00ebt zhvilluan sot protest\u00ebn e radh\u00ebs p\u00ebrpara kryeministris\u00eb. Me pankarta n\u00eb duar, ata jan\u00eb shprehur se k\u00ebrkesat e tyre jan\u00eb t\u00eb nj\u00ebjta; miratimi i statusit t\u00eb minatorit dhe pensione dinjitoze, k\u00ebrkesa k\u00ebto q\u00eb jan\u00eb shpalosur edhe n\u00eb protestat e m\u00ebparshme.<\/p>\n<p>&#8220;Zot\u00ebrinj\u00a0mirator\u00eb, ju p\u00ebrsh\u00ebndes p\u00ebr pjes\u00ebmarrjen tuaj n\u00eb protest\u00ebn e fuqishme q\u00eb po b\u00ebni dhe mjaft k\u00ebmb\u00ebngul\u00ebse, pasi nuk po t\u00ebrhiqeni p\u00ebr t\u00eb drejtat tuaja.<\/p>\n<p>Nuk jeni vet\u00ebm ju t\u00eb vjedhur, por \u00ebsht\u00eb vjedhur nj\u00eb popull i t\u00ebr\u00eb nga k\u00ebta maskarenjt\u00eb, q\u00eb kan\u00eb b\u00ebr\u00eb ligje antikushtetues p\u00ebr t\u00eb vjedhur pensionist\u00ebt.<\/p>\n<p>K\u00ebta kan\u00eb shtuar n\u00eb ligj nenin 9\/13, q\u00eb \u00ebsht\u00eb kund\u00ebr nenit 79, i cili\u00a0\u00ebsht\u00eb detyrim ligjor q\u00eb t\u00eb mbrohen kontributet, prandaj iu b\u00ebj thirrje deputet\u00ebve, kryetares s\u00eb parlamentit, q\u00eb t\u00eb pastrojn\u00eb ligjet nga nenet 9\/13, q\u00eb jan\u00eb kund\u00ebr nenit 79.<\/p>\n<p>K\u00ebta jan\u00eb kund\u00ebr popullit, k\u00ebta duhen hetuar nga SPAK, ky \u00ebsht\u00eb nj\u00eb krim shtet\u00ebror kund\u00ebr popullit, kund\u00ebr njer\u00ebzve t\u00eb pun\u00ebs, nga shteti i s\u00eb drejt\u00ebs, q\u00eb n\u00eb fakt \u00ebsht\u00eb\u00a0shteti q\u00eb \u2018rrjep\u2019 qytetar\u00ebt dhe i vjedh ato \u00e7do dit\u00eb&#8221;,\u00a0tha nj\u00eb nga minator\u00ebt.<\/p>\n","protected":false},"excerpt":{"rendered":"<p>Minator\u00ebt zhvilluan sot protest\u00ebn e radh\u00ebs p\u00ebrpara kryeministris\u00eb. Me pankarta n\u00eb duar, ata jan\u00eb shprehur se k\u00ebrkesat e tyre jan\u00eb t\u00eb nj\u00ebjta; miratimi i statusit t\u00eb minatorit dhe pensione dinjitoze, k\u00ebrkesa k\u00ebto q\u00eb jan\u00eb shpalosur edhe n\u00eb protestat e m\u00ebparshme. &#8220;Zot\u00ebrinj\u00a0mirator\u00eb, ju p\u00ebrsh\u00ebndes p\u00ebr pjes\u00ebmarrjen tuaj n\u00eb protest\u00ebn e fuqishme q\u00eb po b\u00ebni dhe mjaft &hellip;<\/p>\n","protected":false},"author":4,"featured_media":98885,"comment_status":"closed","ping_status":"closed","sticky":false,"template":"","format":"standard","meta":{"footnotes":""},"categories":[37],"tags":[],"class_list":["post-98884","post","type-post","status-publish","format-standard","has-post-thumbnail","","category-politike"],"_links":{"self":[{"href":"https:\/\/rdnews.al\/index.php\/wp-json\/wp\/v2\/posts\/98884","targetHints":{"allow":["GET"]}}],"collection":[{"href":"https:\/\/rdnews.al\/index.php\/wp-json\/wp\/v2\/posts"}],"about":[{"href":"https:\/\/rdnews.al\/index.php\/wp-json\/wp\/v2\/types\/post"}],"author":[{"embeddable":true,"href":"https:\/\/rdnews.al\/index.php\/wp-json\/wp\/v2\/users\/4"}],"replies":[{"embeddable":true,"href":"https:\/\/rdnews.al\/index.php\/wp-json\/wp\/v2\/comments?post=98884"}],"version-history":[{"count":1,"href":"https:\/\/rdnews.al\/index.php\/wp-json\/wp\/v2\/posts\/98884\/revisions"}],"predecessor-version":[{"id":98886,"href":"https:\/\/rdnews.al\/index.php\/wp-json\/wp\/v2\/posts\/98884\/revisions\/98886"}],"wp:featuredmedia":[{"embeddable":true,"href":"https:\/\/rdnews.al\/index.php\/wp-json\/wp\/v2\/media\/98885"}],"wp:attachment":[{"href":"https:\/\/rdnews.al\/index.php\/wp-json\/wp\/v2\/media?parent=98884"}],"wp:term":[{"taxonomy":"category","embeddable":true,"href":"https:\/\/rdnews.al\/index.php\/wp-json\/wp\/v2\/categories?post=98884"},{"taxonomy":"post_tag","embeddable":true,"href":"https:\/\/rdnews.al\/index.php\/wp-json\/wp\/v2\/tags?post=98884"}],"curies":[{"name":"wp","href":"https:\/\/api.w.org\/{rel}","templated":true}]}}