{"id":98924,"date":"2024-12-16T17:16:47","date_gmt":"2024-12-16T17:16:47","guid":{"rendered":"https:\/\/rdnews.al\/?p=98924"},"modified":"2024-12-16T17:16:47","modified_gmt":"2024-12-16T17:16:47","slug":"si-e-shnderroi-rama-rilindjen-ne-nje-arme-per-vjedhje-masive","status":"publish","type":"post","link":"https:\/\/rdnews.al\/index.php\/2024\/12\/16\/si-e-shnderroi-rama-rilindjen-ne-nje-arme-per-vjedhje-masive\/","title":{"rendered":"Si e shnd\u00ebrroi Rama \u201cRilindjen\u201d n\u00eb nj\u00eb arm\u00eb p\u00ebr vjedhje masive"},"content":{"rendered":"<p>An\u00ebtari i Kryesis\u00eb s\u00eb Partis\u00eb Demokratike, Genc Pollo, ka analizuar situat\u00ebn politike dhe institucionale n\u00eb vend, duke e cil\u00ebsuar Shqip\u00ebrin\u00eb n\u00eb nj\u00eb regres t\u00eb p\u00ebrgjithsh\u00ebm.<\/p>\n<p>Sipas tij, konsolidimi i nj\u00eb regjimi autoritar dhe kleptokratik n\u00ebn qeverisjen e kryeministrit Rama n\u00eb dekad\u00ebn e fundit ka cenuar r\u00ebnd\u00eb demokracin\u00eb dhe shtetin e s\u00eb drejt\u00ebs.<\/p>\n<p>Pollo theksoi se opozita ka treguar rezistenc\u00eb p\u00ebr t\u00eb mbrojtur parimet demokratike, edhe p\u00ebrmes mjeteve jo konvencionale, t\u00eb cilat ai i konsideroi t\u00eb justifikuara.<\/p>\n<p>Pollo thekson se qeveria Rama \u00ebsht\u00eb nj\u00eb qeveri q\u00eb e ktheu fjal\u00ebn \u201cRilindje\u201d n\u00eb nj\u00eb arm\u00eb p\u00ebr vjedhje masive.<\/p>\n<p>\u201cNe jemi n\u00eb nj\u00eb regres t\u00eb p\u00ebrgjithsh\u00ebm, duam apo s\u2019duam ta pranojm\u00eb, t\u00eb k\u00ebsaj forme t\u00eb organizimit t\u00eb shtetit.<\/p>\n<p>N\u00eb 10 vitet e fundit, sado kritik\u00eb t\u00eb kemi qen\u00eb n\u00eb t\u00eb shkuar\u00ebn, prap\u00ebseprap\u00eb \u00ebsht\u00eb b\u00ebr\u00eb e mundur t\u00eb kryhet transferimi i pushtetit me vot\u00eb ose n\u00ebp\u00ebrmjet rrug\u00ebve kushtetuese.<\/p>\n<p>Me Ram\u00ebn n\u00eb k\u00ebto 10 vite kemi par\u00eb konsolidimin e nj\u00eb regjimi autoritar dhe kleptokratik, ndaj rezistenca dhe mjetet jo konvencionale, sipas mendimit tim, jan\u00eb t\u00eb justifikuara.<\/p>\n<p>Ju fol\u00ebt p\u00ebr djegie karrigesh p\u00ebr t\u00eb protestuar ndaj mbajtjes n\u00eb arrest sht\u00ebpie n\u00eb m\u00ebnyr\u00eb t\u00eb padrejt\u00eb t\u00eb kryetarit t\u00eb opozit\u00ebs, Berisha. Un\u00eb iu referova nj\u00eb pjese t\u00eb m\u00ebparshme t\u00eb rezistenc\u00ebs n\u00eb parlament nga opozita, pasi pat\u00ebm nj\u00eb rast q\u00eb nuk ka t\u00eb ngjash\u00ebm n\u00eb t\u00eb kaluar\u00ebn. \u00cbsht\u00eb krejt\u00ebsisht i paprecedent fakti q\u00eb, n\u00eb m\u00ebnyr\u00eb t\u00eb nj\u00ebkohshme, i jan\u00eb mohuar disa t\u00eb drejta themelore opozit\u00ebs parlamentare.<\/p>\n<p>N\u00ebse ju kujtohet, n\u00eb shtator t\u00eb nj\u00eb viti m\u00eb par\u00eb dhe n\u00eb maj t\u00eb k\u00ebtij viti, pat\u00ebm akte rezistence, duke p\u00ebrmbysur karriget dhe p\u00ebrdorur flakadan\u00eb, pasi opozita u p\u00ebrjashtua nga procesi i reform\u00ebs zgjedhore. Kjo gj\u00eb nuk kishte ndodhur asnj\u00ebher\u00eb m\u00eb par\u00eb, q\u00eb nga viti 2000, kur u arrit marr\u00ebveshja e famshme Berisha-Nano, nd\u00ebrmjet\u00ebsuar nga OSBE-ja. N\u00eb at\u00eb koh\u00eb, u vendos q\u00eb reforma zgjedhore t\u00eb kryhej nga t\u00eb gjitha forcat politike dhe t\u00eb mos b\u00ebhej kurr\u00eb n\u00eb d\u00ebm t\u00eb nj\u00eb pale, qoft\u00eb kur Partia Demokratike ishte n\u00eb pushtet, qoft\u00eb kur Partia Socialiste ishte n\u00eb pushtet.<\/p>\n<p>Pra, kjo lloj rezistence, sado joestetike mund t\u00eb duket, ishte e r\u00ebnd\u00ebsishme p\u00ebr demokracin\u00eb. Ajo pati efektin korrigjues, duke sh\u00ebnuar nj\u00eb fitore p\u00ebr opozit\u00ebn. Por, m\u00eb e r\u00ebnd\u00ebsishme se fitorja e opozit\u00ebs ishte fitorja e demokracis\u00eb, pasi u rivendos nj\u00eb far\u00eb balancimi. Ky balancim mund t\u00eb jet\u00eb i pap\u00ebrsosur, mund t\u00eb ket\u00eb ende gj\u00ebra p\u00ebr t\u2019u b\u00ebr\u00eb, por nj\u00eb shtremb\u00ebrim i madh q\u00eb i ishte b\u00ebr\u00eb demokracis\u00eb gjat\u00eb ver\u00ebs s\u00eb vitit t\u00eb kaluar, u korrigjua n\u00eb prill dhe maj t\u00eb k\u00ebtij viti.<\/p>\n<p>Partia Demokratike ka qen\u00eb kampione, ose m\u00eb sakt\u00eb superkampione, n\u00eb denoncimin e korrupsionit dhe abuzimit qeveritar. Ajo ka qen\u00eb gjithmon\u00eb disa hapa p\u00ebrpara mediave t\u00eb lira ende t\u00eb pakapura, shoq\u00ebris\u00eb civile ende t\u00eb lir\u00eb dhe t\u00eb pakapur, si dhe p\u00ebrpara nd\u00ebrkomb\u00ebtar\u00ebve q\u00eb dikur kan\u00eb luajtur nj\u00eb rol t\u00eb r\u00ebnd\u00ebsish\u00ebm. Ata nd\u00ebrkomb\u00ebtar\u00eb q\u00eb jan\u00eb parimor\u00eb dhe t\u00eb pakapur vazhdojn\u00eb t\u00eb reflektojn\u00eb at\u00eb q\u00eb opozita ka th\u00ebn\u00eb n\u00eb publik dhe n\u00eb kuvend.<\/p>\n<p>N\u00ebse shohim dokumentet gjyq\u00ebsore q\u00eb publikohen her\u00eb pas here, ato, n\u00eb nj\u00eb m\u00ebnyr\u00eb ose tjet\u00ebr, pasqyrojn\u00eb t\u00eb v\u00ebrtetat q\u00eb opozita ka deklaruar n\u00eb m\u00ebnyr\u00eb t\u00eb dokumentuar dhe bind\u00ebse.<\/p>\n<p>Publiku, n\u00eb shumic\u00eb, tashm\u00eb e di se \u00e7far\u00eb thot\u00eb Partia Demokratike dhe cilat jan\u00eb t\u00eb v\u00ebrtetat e saj. Nuk besoj se ka mbetur dikush n\u00eb Shqip\u00ebri q\u00eb ende ka nevoj\u00eb t\u2019i mbushet mendja p\u00ebr faktin se qeveria Rama \u00ebsht\u00eb nj\u00eb qeveri q\u00eb, fatkeq\u00ebsisht, e ktheu fjal\u00ebn e bukur \u201cRilindje\u201d n\u00eb nj\u00eb arm\u00eb p\u00ebr vjedhje masive.<\/p>\n<p>Kaq duhet, por kaq nuk mjafton\u201d,\u00a0tha Pollo n\u00eb Syri TV.<\/p>\n","protected":false},"excerpt":{"rendered":"<p>An\u00ebtari i Kryesis\u00eb s\u00eb Partis\u00eb Demokratike, Genc Pollo, ka analizuar situat\u00ebn politike dhe institucionale n\u00eb vend, duke e cil\u00ebsuar Shqip\u00ebrin\u00eb n\u00eb nj\u00eb regres t\u00eb p\u00ebrgjithsh\u00ebm. Sipas tij, konsolidimi i nj\u00eb regjimi autoritar dhe kleptokratik n\u00ebn qeverisjen e kryeministrit Rama n\u00eb dekad\u00ebn e fundit ka cenuar r\u00ebnd\u00eb demokracin\u00eb dhe shtetin e s\u00eb drejt\u00ebs. Pollo theksoi se &hellip;<\/p>\n","protected":false},"author":4,"featured_media":81187,"comment_status":"closed","ping_status":"closed","sticky":false,"template":"","format":"standard","meta":{"footnotes":""},"categories":[37],"tags":[],"class_list":["post-98924","post","type-post","status-publish","format-standard","has-post-thumbnail","","category-politike"],"_links":{"self":[{"href":"https:\/\/rdnews.al\/index.php\/wp-json\/wp\/v2\/posts\/98924","targetHints":{"allow":["GET"]}}],"collection":[{"href":"https:\/\/rdnews.al\/index.php\/wp-json\/wp\/v2\/posts"}],"about":[{"href":"https:\/\/rdnews.al\/index.php\/wp-json\/wp\/v2\/types\/post"}],"author":[{"embeddable":true,"href":"https:\/\/rdnews.al\/index.php\/wp-json\/wp\/v2\/users\/4"}],"replies":[{"embeddable":true,"href":"https:\/\/rdnews.al\/index.php\/wp-json\/wp\/v2\/comments?post=98924"}],"version-history":[{"count":1,"href":"https:\/\/rdnews.al\/index.php\/wp-json\/wp\/v2\/posts\/98924\/revisions"}],"predecessor-version":[{"id":98925,"href":"https:\/\/rdnews.al\/index.php\/wp-json\/wp\/v2\/posts\/98924\/revisions\/98925"}],"wp:featuredmedia":[{"embeddable":true,"href":"https:\/\/rdnews.al\/index.php\/wp-json\/wp\/v2\/media\/81187"}],"wp:attachment":[{"href":"https:\/\/rdnews.al\/index.php\/wp-json\/wp\/v2\/media?parent=98924"}],"wp:term":[{"taxonomy":"category","embeddable":true,"href":"https:\/\/rdnews.al\/index.php\/wp-json\/wp\/v2\/categories?post=98924"},{"taxonomy":"post_tag","embeddable":true,"href":"https:\/\/rdnews.al\/index.php\/wp-json\/wp\/v2\/tags?post=98924"}],"curies":[{"name":"wp","href":"https:\/\/api.w.org\/{rel}","templated":true}]}}