{"id":99141,"date":"2024-12-18T12:07:37","date_gmt":"2024-12-18T12:07:37","guid":{"rendered":"https:\/\/rdnews.al\/?p=99141"},"modified":"2024-12-18T12:07:37","modified_gmt":"2024-12-18T12:07:37","slug":"berisha-olsi-rama-eshte-ne-hetim-nderkombetar-do-kerkojme-serish-paraqitjen-e-rames-ne-interpelance","status":"publish","type":"post","link":"https:\/\/rdnews.al\/index.php\/2024\/12\/18\/berisha-olsi-rama-eshte-ne-hetim-nderkombetar-do-kerkojme-serish-paraqitjen-e-rames-ne-interpelance\/","title":{"rendered":"Berisha: Olsi Rama \u00ebsht\u00eb n\u00eb hetim nd\u00ebrkomb\u00ebtar, do k\u00ebrkojm\u00eb s\u00ebrish paraqitjen e Ram\u00ebs n\u00eb interpelanc\u00eb"},"content":{"rendered":"<p>Kreu i\u00a0PD, Sali Berisha ka b\u00ebr\u00eb t\u00eb ditur se forca politike q\u00eb drejton, nuk do t\u00eb heq\u00eb dor\u00eb nga k\u00ebrkesa p\u00eb rinterpelanc\u00eb me kryeministrin Rama, p\u00ebr \u00e7\u00ebshtjene\u00a0 t\u00eb v\u00ebllait t\u00eb tij, Olsi Rama.<\/p>\n<p>Nga mbledhja e grupit parlamentar t\u00eb PD, Berisha tha se, do insistohet p\u00ebr interpelanc\u00ebn me Ram\u00ebn, pasi i v\u00ebllai i tij \u00ebsht\u00eb n\u00eb hetim nd\u00ebrkomb\u00ebtar p\u00ebr trafik droge.<\/p>\n<p>\u201cPrap\u00eb do insistohet q\u00eb t\u00eb paraqitet edhe n\u00eb interpelanc\u00eb.<\/p>\n<p>Nuk ka kurajo, ka frik\u00eb ai.<\/p>\n<p>Ai ka frik\u00eb, ka tmerr.<\/p>\n<p>E pa tani q\u00eb edhe i v\u00ebllai i Basharit merrej me drog\u00eb, tani kur i del n\u00eb \u00ebnd\u00ebrr Olsi, e ndjen veten shum\u00eb keq.<\/p>\n<p>Q\u00eb n\u00eb fakt \u00ebsht\u00eb absolutisht, e v\u00ebrteta do dal\u00eb.<\/p>\n<p>Fatmir\u00ebsisht \u00ebsht\u00eb n\u00eb hetim nd\u00ebrkomb\u00ebtar. Fatmir\u00ebsisht, po!\u201d, tha Berisha.<\/p>\n","protected":false},"excerpt":{"rendered":"<p>Kreu i\u00a0PD, Sali Berisha ka b\u00ebr\u00eb t\u00eb ditur se forca politike q\u00eb drejton, nuk do t\u00eb heq\u00eb dor\u00eb nga k\u00ebrkesa p\u00eb rinterpelanc\u00eb me kryeministrin Rama, p\u00ebr \u00e7\u00ebshtjene\u00a0 t\u00eb v\u00ebllait t\u00eb tij, Olsi Rama. Nga mbledhja e grupit parlamentar t\u00eb PD, Berisha tha se, do insistohet p\u00ebr interpelanc\u00ebn me Ram\u00ebn, pasi i v\u00ebllai i tij \u00ebsht\u00eb &hellip;<\/p>\n","protected":false},"author":4,"featured_media":99138,"comment_status":"closed","ping_status":"closed","sticky":false,"template":"","format":"standard","meta":{"footnotes":""},"categories":[37],"tags":[],"class_list":["post-99141","post","type-post","status-publish","format-standard","has-post-thumbnail","","category-politike"],"_links":{"self":[{"href":"https:\/\/rdnews.al\/index.php\/wp-json\/wp\/v2\/posts\/99141","targetHints":{"allow":["GET"]}}],"collection":[{"href":"https:\/\/rdnews.al\/index.php\/wp-json\/wp\/v2\/posts"}],"about":[{"href":"https:\/\/rdnews.al\/index.php\/wp-json\/wp\/v2\/types\/post"}],"author":[{"embeddable":true,"href":"https:\/\/rdnews.al\/index.php\/wp-json\/wp\/v2\/users\/4"}],"replies":[{"embeddable":true,"href":"https:\/\/rdnews.al\/index.php\/wp-json\/wp\/v2\/comments?post=99141"}],"version-history":[{"count":1,"href":"https:\/\/rdnews.al\/index.php\/wp-json\/wp\/v2\/posts\/99141\/revisions"}],"predecessor-version":[{"id":99142,"href":"https:\/\/rdnews.al\/index.php\/wp-json\/wp\/v2\/posts\/99141\/revisions\/99142"}],"wp:featuredmedia":[{"embeddable":true,"href":"https:\/\/rdnews.al\/index.php\/wp-json\/wp\/v2\/media\/99138"}],"wp:attachment":[{"href":"https:\/\/rdnews.al\/index.php\/wp-json\/wp\/v2\/media?parent=99141"}],"wp:term":[{"taxonomy":"category","embeddable":true,"href":"https:\/\/rdnews.al\/index.php\/wp-json\/wp\/v2\/categories?post=99141"},{"taxonomy":"post_tag","embeddable":true,"href":"https:\/\/rdnews.al\/index.php\/wp-json\/wp\/v2\/tags?post=99141"}],"curies":[{"name":"wp","href":"https:\/\/api.w.org\/{rel}","templated":true}]}}