{"id":99409,"date":"2024-12-20T18:17:10","date_gmt":"2024-12-20T18:17:10","guid":{"rendered":"https:\/\/rdnews.al\/?p=99409"},"modified":"2024-12-20T18:17:10","modified_gmt":"2024-12-20T18:17:10","slug":"kanabisi-kalon-me-duartrokitje-mandarinat-kthehen-ne-heshtje","status":"publish","type":"post","link":"https:\/\/rdnews.al\/index.php\/2024\/12\/20\/kanabisi-kalon-me-duartrokitje-mandarinat-kthehen-ne-heshtje\/","title":{"rendered":"Kanabisi kalon me duartrokitje, mandarinat kthehen n\u00eb heshtje"},"content":{"rendered":"<div id=\"rekl-49\"><strong>Nga Ervin SALIANJI<\/strong><\/div>\n<div class=\"readmore-text-here\">\n<p>T\u00eb enjten, pak para mesnat\u00ebs, disa duartrokitje q\u00ebnkan d\u00ebgjuar n\u00eb sall\u00ebn e Parlamentit.<\/p>\n<p>Mendja ta do se ligjv\u00ebn\u00ebsit do t\u00eb ken\u00eb kaluar ndonj\u00eb reform\u00eb t\u00eb fort\u00eb, ose nj\u00eb ligj p\u00ebr interes publik e n\u00eb sh\u00ebrbim t\u00eb qytetar\u00ebve.<\/p>\n<p>N\u00eb fakt, sapo kishte marr\u00eb kartonat \u2018pro\u2019, nisma e qeveris\u00eb p\u00ebr legalizimin e kanabisit.<\/p>\n<p>Pas k\u00ebsaj, Kryetarja e Kuvendit n\u00eb entuziaz\u00ebm e sip\u00ebr, paska uruar qytetar\u00ebt p\u00ebr festat e fundvitit. U mbyll dhe ky sesiom parlamentar me sukses, duke hapur rrug\u00ebn p\u00ebr licens\u00ebn e shtrenjt\u00eb t\u00eb drog\u00ebs s\u00eb ligjjshme, mjek\u00ebsore.<\/p>\n<p>Edi Rama e nisi qeverisjen me kanabis dhe po e mbyll me kanabis. Un\u00eb jam i bindur se ky \u00ebsht\u00eb mandati i tij i fundit.<\/p>\n<p>***<\/p>\n<p>Kur n\u00eb vitin 2015 b\u00ebra disa denoncime t\u00eb cilat qeveria i mohonte u detyrova t\u00eb hyja n\u00eb parcela me hashash, n\u00eb nj\u00eb atmosfer\u00eb t\u00eb rrezikshme pasi ruheshin me njer\u00ebz t\u00eb armatosur, qeveria e mohonte p\u00ebrs\u00ebri!!<\/p>\n<p>Kryeministri thoshte se kan\u00eb shkulur \u00e7do rr\u00ebnj\u00eb.<\/p>\n<p>E v\u00ebrt\u00ebta \u00ebsht\u00eb se pat\u00ebm nj\u00eb kanabizim masiv. Ngastrat ishin fidanishtja e narkoshtetit. Ata q\u00eb u pasuruan me hashash, u fut\u00ebn n\u00eb tregun e drogave t\u00eb forta dhe n\u00eb \u00e7do an\u00eb t\u00eb ekonomis\u00eb, duke prishur konkurenc\u00ebn dhe rritur artificialisht \u00e7mimet.<\/p>\n<p>Sa her\u00eb qeveria mburret me rritjen e vler\u00ebs s\u00eb pron\u00ebs, ai nuk p\u00ebrmend faktorin kryesor, q\u00eb \u00ebsht\u00eb futja e parave t\u00eb narko-trafikut n\u00eb nd\u00ebrtim.<\/p>\n<p>Ato para t\u00eb pista kan\u00eb sjell\u00eb vet\u00ebm d\u00ebm, dhe nga ana tjet\u00ebr ngjarje, perplasje e hasm\u00ebri t\u00eb p\u00ebrgjakshme me dhjetra t\u00eb vrar\u00eb. Krime q\u00eb vijojn\u00eb sot e k\u00ebsaj dite.<\/p>\n<p>Pra shajnia q\u00eb pati lideri global se kanabizimi do sillte mrekulli ekonomike (sipas d\u00ebshmis\u00eb s\u00eb ish zv.kryeministrit) ishte nj\u00eb marr\u00ebzi tragjike dhe kriminale.<\/p>\n<p>Por Edi Rama nuk heq dor\u00eb. Ai humbi 2 ministra t\u00eb brendsh\u00ebm pik\u00ebrisht p\u00ebr lidhjet me drog\u00ebn e trafikun, dhe tani ka vendosur ta kultivoj\u00eb me leje qeveritare, me li\u00e7ens\u00ebn q\u00eb ai do ja jap\u00eb fituesit t\u00eb paracaktuar. Ky pra ngelet vizioni i tij dhe para k\u00ebtyre zgjedhjeve.<\/p>\n<p>***<\/p>\n<p>Kryeministri hoqi vallen e preferuar n\u00eb Bruksel, kur tha se kapituj t\u00eb tjer\u00eb paska hapur Shqip\u00ebria me Komisionin Europian.<\/p>\n<p>Propaganda q\u00eb ec\u00ebn shum\u00eb m\u00eb shpejt se integrimi na e solli si arritje historike. Qeveria kalorsiake po \u00e7an rrug\u00ebt e po shkel pengesat, e po na afron me familjen e madhe t\u00eb kontinentit.<\/p>\n<p>Po tamam at\u00eb dit\u00eb, doli nj\u00eb lajm q\u00eb mandarinat tona ishin kthyer mbrapsht n\u00eb kufinjt\u00eb e BE, pasi kishin pesticide dhe ishin t\u00eb rrezikshme per shendetin.<\/p>\n<p>Nj\u00eb dram\u00eb kjo p\u00ebr prodhimin vendas.<\/p>\n<p>T\u00eb gjith\u00eb e din\u00eb se ne do b\u00ebhemi pjes\u00eb e Unionit, kur t\u00eb arrijm\u00eb disa standarte, e jo me llafe e kronika t\u00eb gatshme nga arritjet e m\u00ebdha t\u00eb Kryeministrit n\u00eb Bruksel<\/p>\n<p>Do t\u00eb jemi pjes\u00eb e Unionit kur k\u00ebtu fermeri t\u00eb mos lihet n\u00eb m\u00ebshir\u00eb t\u00eb fatit, po kur ai t\u00eb asistohet, e t\u00eb kontrollohet si duhet, n\u00eb m\u00ebnyr\u00eb q\u00eb mandarina e k\u00ebtij vendi me tok\u00eb pjellore e t\u00eb bekuar e me 300 dit\u00eb diell, t\u00eb mos refuzohet.<\/p>\n<p>N\u00ebse nuk jemi n\u00eb gjendje t\u00eb eksportojm\u00eb k\u00ebt\u00eb produkt q\u00eb vjen nga asetet tona m\u00eb t\u00eb \u00e7muara (e nj\u00ebjta gj\u00eb ka ndodhur dhe me prodhime t\u00eb tjera) at\u00ebher\u00eb \u00e7far\u00eb do t\u00eb \u00e7ojm\u00eb ne n\u00eb BE? Apo s\u00ebrish kanabisin, k\u00ebsaj radhe n\u00ebn maskimin, mjek\u00ebsor e industrial.<\/p>\n<p>K\u00ebtu n\u00eb burgun e Fierit, n\u00eb k\u00ebt\u00eb koh\u00eb kanabisi e mandarinash ka nj\u00eb ironi. Un\u00eb q\u00eb kam denoncuar fenomenin kriminal dhe lidhjet e tij me ministrat e brendsh\u00ebm, jam n\u00eb muajin e tret\u00eb t\u00eb d\u00ebnimit.<\/p>\n<p>Nd\u00ebrsa nuk \u00ebsht\u00eb k\u00ebtu asnj\u00eb p\u00ebr d\u00ebmin e madh q\u00eb u \u00ebsht\u00eb b\u00ebr\u00eb fermer\u00ebve tan\u00eb, me mohimin e mbi 100 milion\u00eb euro ndihm\u00eb nga programet e Komisionit Europian, p\u00ebr shkak se qeveria vendosi t\u00eb fus\u00eb duart e t\u00eb shp\u00ebrdoroj\u00eb 33 mln euro t\u00eb programit t\u00eb m\u00ebparsh\u00ebm. 33 mln euro t\u00eb taksapaguesve gjerman\u00eb, francez\u00eb, italian\u00eb, belg\u00eb, etj. Tek mb\u00ebshtetja q\u00eb mund t\u00eb vinte nga BE, me siguri mund t\u00eb ishte dhe zgjidhja p\u00ebr pesticidet, q\u00eb do t&#8217;i b\u00ebnte mandarinat tona t\u00eb sigurta. Por kjo nuk ndodhi, sepse rilindasit jo vet\u00ebm i mor\u00ebn p\u00ebr vete ato para, por ende nuk kan\u00eb reaguar si duhet pas skandalit p\u00ebr ta bindur Komisionin q\u00eb t\u00eb rihap\u00eb rrug\u00ebn e Ipard-III.<\/p>\n<p>Jam shum\u00eb kurioz t\u00eb di se si do reagonte ky q\u00eb hap kapitujt tan\u00eb me Brukselin, n\u00ebse aty do t\u00eb pyetej, si ndodhi q\u00eb qeveria juaj vodhi taksat tona q\u00eb i kishim destinuar p\u00ebr fermer\u00ebt tuaj t\u00eb varf\u00ebr?<\/p>\n<p>K\u00ebshtu pra, po shkurtojm\u00eb distanc\u00ebn, po afrohemi me propagand\u00eb t\u00eb \u00e7mendur me Bashkimin Europian. Duke duartrokitur drog\u00ebn, e duke heshtur p\u00ebr kthimin e mandarinave.<\/p>\n<p><a href=\"https:\/\/www.syri.net\/fotogaleria\/748754\/kanabisi-kalon-me-duartrokitje-mandarinat-kthehen-ne-heshtje\/\" target=\"_blank\" rel=\"noopener\"><img decoding=\"async\" src=\"https:\/\/www.syri.net\/uploads\/syri.net\/images\/2024\/December\/20\/auto_471278169_1131839641634429_4373009436383140376_n1734717320.jpg\" \/><\/a><\/p>\n<div class=\"fotogaleri\">\n<div class=\"bx-wrapper\">\n<div class=\"bx-controls bx-has-pager bx-has-controls-direction\">\n<div class=\"bx-pager bx-default-pager\"><\/div>\n<\/div>\n<\/div>\n<\/div>\n<\/div>\n<div id=\"rekl-45\"><\/div>\n<div id=\"rekl-16\"><\/div>\n<div id=\"rekl-33\"><\/div>\n","protected":false},"excerpt":{"rendered":"<p>Nga Ervin SALIANJI T\u00eb enjten, pak para mesnat\u00ebs, disa duartrokitje q\u00ebnkan d\u00ebgjuar n\u00eb sall\u00ebn e Parlamentit. Mendja ta do se ligjv\u00ebn\u00ebsit do t\u00eb ken\u00eb kaluar ndonj\u00eb reform\u00eb t\u00eb fort\u00eb, ose nj\u00eb ligj p\u00ebr interes publik e n\u00eb sh\u00ebrbim t\u00eb qytetar\u00ebve. N\u00eb fakt, sapo kishte marr\u00eb kartonat \u2018pro\u2019, nisma e qeveris\u00eb p\u00ebr legalizimin e kanabisit. Pas &hellip;<\/p>\n","protected":false},"author":4,"featured_media":49270,"comment_status":"closed","ping_status":"closed","sticky":false,"template":"","format":"standard","meta":{"footnotes":""},"categories":[37],"tags":[],"class_list":["post-99409","post","type-post","status-publish","format-standard","has-post-thumbnail","","category-politike"],"_links":{"self":[{"href":"https:\/\/rdnews.al\/index.php\/wp-json\/wp\/v2\/posts\/99409","targetHints":{"allow":["GET"]}}],"collection":[{"href":"https:\/\/rdnews.al\/index.php\/wp-json\/wp\/v2\/posts"}],"about":[{"href":"https:\/\/rdnews.al\/index.php\/wp-json\/wp\/v2\/types\/post"}],"author":[{"embeddable":true,"href":"https:\/\/rdnews.al\/index.php\/wp-json\/wp\/v2\/users\/4"}],"replies":[{"embeddable":true,"href":"https:\/\/rdnews.al\/index.php\/wp-json\/wp\/v2\/comments?post=99409"}],"version-history":[{"count":1,"href":"https:\/\/rdnews.al\/index.php\/wp-json\/wp\/v2\/posts\/99409\/revisions"}],"predecessor-version":[{"id":99410,"href":"https:\/\/rdnews.al\/index.php\/wp-json\/wp\/v2\/posts\/99409\/revisions\/99410"}],"wp:featuredmedia":[{"embeddable":true,"href":"https:\/\/rdnews.al\/index.php\/wp-json\/wp\/v2\/media\/49270"}],"wp:attachment":[{"href":"https:\/\/rdnews.al\/index.php\/wp-json\/wp\/v2\/media?parent=99409"}],"wp:term":[{"taxonomy":"category","embeddable":true,"href":"https:\/\/rdnews.al\/index.php\/wp-json\/wp\/v2\/categories?post=99409"},{"taxonomy":"post_tag","embeddable":true,"href":"https:\/\/rdnews.al\/index.php\/wp-json\/wp\/v2\/tags?post=99409"}],"curies":[{"name":"wp","href":"https:\/\/api.w.org\/{rel}","templated":true}]}}