{"id":99499,"date":"2024-12-21T17:48:25","date_gmt":"2024-12-21T17:48:25","guid":{"rendered":"https:\/\/rdnews.al\/?p=99499"},"modified":"2024-12-21T19:54:02","modified_gmt":"2024-12-21T19:54:02","slug":"berishame-1991-ishim-vendi-me-i-varfer-ne-bote-dy-pengjet-e-mia-ne-politike","status":"publish","type":"post","link":"https:\/\/rdnews.al\/index.php\/2024\/12\/21\/berishame-1991-ishim-vendi-me-i-varfer-ne-bote-dy-pengjet-e-mia-ne-politike\/","title":{"rendered":"Berisha: M\u00eb 1991 ishim vendi m\u00eb i varf\u00ebr n\u00eb bot\u00eb! Dy pengjet e mia n\u00eb politik\u00eb"},"content":{"rendered":"<div id=\"rekl-49\">N\u00eb bised\u00ebn me Alice Taylor n\u00eb Podkastin e saj \u201cInside Albania\u201d, n\u00eb Euro News, Kryetari i Partis\u00eb Demokratike Sali Berisha ka folur edhe per pengjet e tij ne politik\u00eb.<\/div>\n<div class=\"readmore-text-here\">\n<p><strong>-M\u00eb tregoni! Vler\u00ebsimi dhe kritika p\u00ebr veten jan\u00eb t\u00eb r\u00ebnd\u00ebsishme.<\/strong><\/p>\n<p><strong>Berisha:\u00a0<\/strong>Nj\u00eb nga problemet e mia m\u00eb kryesore me diktatur\u00ebn, edhe pse nuk isha i p\u00ebrndjekur, ishte se ata e shpall\u00ebn veten t\u00eb pagabuesh\u00ebm. E p\u00ebr\u00e7moja k\u00ebt\u00eb gj\u00eb. Nuk ka njer\u00ebz t\u00eb pagabuesh\u00ebm. \u00c7do dit\u00eb vler\u00ebsoja ku kisha gabuar n\u00eb aktivitetin tim t\u00eb p\u00ebrditsh\u00ebm dhe si duhet ta korrigjoja. Kur lexova Ronald Reagan q\u00eb shkruante se \u201cQeveria \u00ebsht\u00eb problemi\u201d, kjo m\u00eb frym\u00ebzoi. M\u00eb ndihmoi shum\u00eb. Kur qeveris, b\u00ebn gabime, por gabimi m\u00eb i madh ishte ligji i pron\u00ebs. Ne nuk jua kthyem pronar\u00ebve tokat e tyre. Pse? Un\u00eb isha i bindur se ajo ishte m\u00ebnyra e vetme. Zonat rurale ishin shnd\u00ebrruar n\u00eb rezervuare t\u00eb m\u00ebdha njer\u00ebzish. Kudo q\u00eb shkoja, m\u00eb thoshin se n\u00ebse zgjidhja at\u00eb rrug\u00eb, askush nuk do t\u00eb m\u00eb votonte. \u00c7far\u00eb do t\u00eb b\u00ebja n\u00ebse njer\u00ebzit do jetonin n\u00eb qiell t\u00eb hapur dhe me asgj\u00eb n\u00eb duar? Zbatuam parimin e Jefferson, se toka i p\u00ebrkiste atyre q\u00eb e punonin dhe jetonin.<\/p>\n<p>S\u00eb dyti ishin skemat piramidale, q\u00eb filluan n\u00eb vitin \u201991, kur ne nuk ishim n\u00eb pushtet. Institucionet nd\u00ebrkomb\u00ebtare na than\u00eb t\u00eb mos shqet\u00ebsoheshim, se ishin fenomen i ekonomive n\u00eb rritje. Ishim vendi m\u00eb i varf\u00ebr n\u00eb bot\u00eb, por me ekonomin\u00eb q\u00eb po rritej m\u00eb shpejt. Kjo ndodhi asokohe. Imagjinojeni. Guvernatori erdhi tek un\u00eb n\u00eb janarin e vitit 1996 me nj\u00eb memo ku m\u00eb k\u00ebrkonte ose t\u2019i mbyllja, ose t\u2019i shnd\u00ebrroja n\u00eb banka. Nuk pranova kurrsesi t\u2019i shnd\u00ebrroja n\u00eb banka. Nis\u00ebm t\u00eb hartonim ligjin p\u00ebr t\u00eb kontrolluar skemat piramidale. Pasi u miratua ligji, ne krijuam nj\u00eb komision dhe i mbyll\u00ebm nj\u00eb nga nj\u00eb. Por kjo i zem\u00ebroi njer\u00ebzit. Socialist\u00ebt ju than\u00eb se qeveria ju kishte marr\u00eb t\u00eb gjitha lek\u00ebt qytetar\u00ebve. Qeveria nuk kishte prekur asnj\u00eb qindark\u00eb. E kund\u00ebrta \u00ebsht\u00eb e v\u00ebrtet\u00eb. Ju b\u00ebra thirrje qytetar\u00ebve q\u00eb parat\u00eb t\u2019i fusnin n\u00eb banka. Asokohe, bankat tona kishin norma t\u00eb larta interesi p\u00ebr kursimet, p\u00ebr t\u2019i mbrojtur njer\u00ebzit nga inflacioni. Kjo ishte politika e koh\u00ebs. Sidoqoft\u00eb, nisi rebelimi. Socialist\u00ebt i armatos\u00ebn njer\u00ebzit e tyre. Un\u00eb propozova nj\u00eb zgjidhje politike. P\u00ebr sa koh\u00eb qytetar\u00ebt mendonin se kjo parti ju kishte vjedhur parat\u00eb, ne nuk mund t\u00eb qeverisnim. Duhet t\u00eb kalonim n\u00eb opozit\u00eb, t\u00eb provonim q\u00eb nuk i kishim prekur lek\u00ebt e tyre, p\u00ebrndryshe do shp\u00ebrb\u00ebhej partia. Shkuam n\u00eb zgjedhje. Gjat\u00eb fushat\u00ebs, Fatos Nano ju premtoi qytetar\u00ebve se do t\u2019ju paguante \u00e7do qindark\u00eb q\u00eb kishin humbur n\u00eb skemat piramidale. Un\u00eb deklarova se nuk mund t\u2019i paguaja sepse nj\u00eb borxh q\u00eb nuk huazohet, nuk mund t\u00eb njihet. Njer\u00ebzit votuan p\u00ebr Nanon dhe nuk mor\u00ebn asnj\u00eb qindark\u00eb. N\u00ebse do kisha dh\u00ebn\u00eb premtim, kisha mund\u00ebsi t\u2019jua ktheja, por kurr\u00eb nuk kam pranuar t\u00eb p\u00ebrziej paran\u00eb e past\u00ebr me at\u00eb t\u00eb pis\u00ebt.<\/p>\n<p><iframe loading=\"lazy\" title=\"Berisha e pranon me keqardhje: Ja dy pengjet e mia n\u00eb politik\u00eb!\" src=\"https:\/\/www.youtube.com\/embed\/x6BCZlXjZ8o?list=PL8JhakJwRL7OoBH7rVAyFoionErXRxXkh\" width=\"1250\" height=\"703\" frameborder=\"0\" allowfullscreen=\"allowfullscreen\" data-mce-fragment=\"1\"><\/iframe><\/p>\n<\/div>\n<div id=\"rekl-33\"><\/div>\n","protected":false},"excerpt":{"rendered":"<p>N\u00eb bised\u00ebn me Alice Taylor n\u00eb Podkastin e saj \u201cInside Albania\u201d, n\u00eb Euro News, Kryetari i Partis\u00eb Demokratike Sali Berisha ka folur edhe per pengjet e tij ne politik\u00eb. -M\u00eb tregoni! Vler\u00ebsimi dhe kritika p\u00ebr veten jan\u00eb t\u00eb r\u00ebnd\u00ebsishme. Berisha:\u00a0Nj\u00eb nga problemet e mia m\u00eb kryesore me diktatur\u00ebn, edhe pse nuk isha i p\u00ebrndjekur, ishte &hellip;<\/p>\n","protected":false},"author":4,"featured_media":99500,"comment_status":"closed","ping_status":"closed","sticky":false,"template":"","format":"standard","meta":{"footnotes":""},"categories":[37],"tags":[],"class_list":["post-99499","post","type-post","status-publish","format-standard","has-post-thumbnail","","category-politike"],"_links":{"self":[{"href":"https:\/\/rdnews.al\/index.php\/wp-json\/wp\/v2\/posts\/99499","targetHints":{"allow":["GET"]}}],"collection":[{"href":"https:\/\/rdnews.al\/index.php\/wp-json\/wp\/v2\/posts"}],"about":[{"href":"https:\/\/rdnews.al\/index.php\/wp-json\/wp\/v2\/types\/post"}],"author":[{"embeddable":true,"href":"https:\/\/rdnews.al\/index.php\/wp-json\/wp\/v2\/users\/4"}],"replies":[{"embeddable":true,"href":"https:\/\/rdnews.al\/index.php\/wp-json\/wp\/v2\/comments?post=99499"}],"version-history":[{"count":3,"href":"https:\/\/rdnews.al\/index.php\/wp-json\/wp\/v2\/posts\/99499\/revisions"}],"predecessor-version":[{"id":99523,"href":"https:\/\/rdnews.al\/index.php\/wp-json\/wp\/v2\/posts\/99499\/revisions\/99523"}],"wp:featuredmedia":[{"embeddable":true,"href":"https:\/\/rdnews.al\/index.php\/wp-json\/wp\/v2\/media\/99500"}],"wp:attachment":[{"href":"https:\/\/rdnews.al\/index.php\/wp-json\/wp\/v2\/media?parent=99499"}],"wp:term":[{"taxonomy":"category","embeddable":true,"href":"https:\/\/rdnews.al\/index.php\/wp-json\/wp\/v2\/categories?post=99499"},{"taxonomy":"post_tag","embeddable":true,"href":"https:\/\/rdnews.al\/index.php\/wp-json\/wp\/v2\/tags?post=99499"}],"curies":[{"name":"wp","href":"https:\/\/api.w.org\/{rel}","templated":true}]}}