{"id":99579,"date":"2024-12-23T11:11:44","date_gmt":"2024-12-23T11:11:44","guid":{"rendered":"https:\/\/rdnews.al\/?p=99579"},"modified":"2024-12-23T11:11:44","modified_gmt":"2024-12-23T11:11:44","slug":"valltari-i-vdekjes","status":"publish","type":"post","link":"https:\/\/rdnews.al\/index.php\/2024\/12\/23\/valltari-i-vdekjes\/","title":{"rendered":"Valltari i Vdekjes"},"content":{"rendered":"<p><strong>Nga\u00a0Lu\u00e7iano BO\u00c7I<\/strong><\/p>\n<p>Rama po p\u00ebrdor vrasjen Martinit p\u00ebr t\u00eb zgjatur jet\u00ebn e tij politike.<\/p>\n<p>Ai vazhdon t\u00eb hedh\u00eb vallen e tij pa pyetur fare as p\u00ebr jet\u00ebn dhe as p\u00ebr edukimin.<\/p>\n<p>Thjesht k\u00ebrkon t\u00eb justifikoj\u00eb veten e qeverisjen, por dhe n\u00eb form\u00eb cinike t\u00eb mbyll\u00eb nj\u00eb komunikim problematik p\u00ebr qeverisjen dhe nj\u00eb motor i cili ka ndihmuar n\u00eb p\u00ebrmbysjen e pushteteve t\u00eb kalbura si i Ram\u00ebs.<\/p>\n<p>P\u00ebrdorimi i humbjes s\u00eb jet\u00ebs s\u00eb Martinit, si sebep p\u00ebr t\u00eb censuruar fjal\u00ebn e opinionin, ngjan si nj\u00eb tjet\u00ebr goditje e dh\u00ebn\u00eb nga njeriu q\u00eb ka p\u00ebrgjegj\u00ebsi direkte p\u00ebr ngjarjen e r\u00ebnd\u00eb n\u00eb shkoll\u00eb.<\/p>\n<p>Aq m\u00eb tep\u00ebr q\u00eb komunikimet q\u00eb shkaktuan p\u00ebrplasjen, nuk v\u00ebrtetohen ende q\u00eb erdh\u00ebn nga kjo platform\u00eb me gjith\u00eb problemet q\u00eb ka.<\/p>\n<p>E vetmja arsye e vendimit duket se \u00ebsht\u00eb ajo politike.<\/p>\n<p>Megjith\u00ebse personalisht nuk jam ndonje fans i TikTok dhe as i rrjeteve n\u00eb p\u00ebrgjith\u00ebsi, e kam ndjekur jo pa v\u00ebmendje debatin q\u00eb b\u00ebhet sot kudo p\u00ebr Tiktok.<\/p>\n<p>\u00c7\u00ebshtja e mbylljes s\u00eb tij ka p\u00ebrfshir\u00eb disa vende, duke u fokusuar kryesisht n\u00eb aspekte t\u00eb siguris\u00eb komb\u00ebtare, mbrojtjes s\u00eb t\u00eb dh\u00ebnave dhe ndikimit social.<\/p>\n<p>Po asnj\u00ebri nuk ka kaluar n\u00eb mas\u00ebn ekstreme, e cila n\u00eb rastin e Ram\u00ebs ngjan dhe idiote.<\/p>\n<p>Nj\u00eb vit mbyllje s\u2019ka asnj\u00eb kuptim as n\u00eb aspektin edukues dhe as n\u00eb aspektin e ndikimit negativ.<\/p>\n<p>Alternativat e rrjeteve t\u00eb tjera jan\u00eb aty dhe teknologjia do t\u00eb gjeneroj\u00eb akoma t\u00eb ngjashme.<\/p>\n<p>Specialist\u00eb t\u00eb komunikimit, sociolog\u00eb dhe metodist\u00eb megjith\u00ebse parashtrojn\u00eb disa shqet\u00ebsime, p\u00ebr Tiktok si zgjidhje optimale, sugjerojn\u00eb kontrollin n\u00ebp\u00ebrmjet filtrave e kufizimeve p\u00ebrmbajtjesore e moshore.<\/p>\n<p>Megjith\u00ebse TikTok \u00ebsht\u00eb kritikuar p\u00ebr mbledhjen e nj\u00eb sasie t\u00eb madhe t\u00eb dh\u00ebnash nga p\u00ebrdoruesit, t\u00eb promovimit t\u00eb sjelljeve t\u00eb rrezikshme ose t\u00eb d\u00ebmshme, manipulimit t\u00eb informacionit dhe konkurrenc\u00ebs s\u00eb padrejt\u00eb, ai ka nj\u00eb s\u00ebr\u00eb avantazhesh t\u00eb renditura nga specialist\u00ebt t\u00eb cil\u00ebt kan\u00eb hartuar nj\u00eb list\u00eb t\u00eb arsyes t\u00eb mosmbylljes s\u00eb tij, q\u00eb jan\u00eb:<\/p>\n<ol>\n<li>Liria e shprehjes:<\/li>\n<\/ol>\n<p>&#8211; Mbyllja e nj\u00eb platforme t\u00eb madhe sociale mund t\u00eb konsiderohet nj\u00eb shkelje e liris\u00eb s\u00eb shprehjes dhe t\u00eb drejtave t\u00eb p\u00ebrdoruesve.<\/p>\n<ol start=\"2\">\n<li>Nxitja e kreativitetit:<\/li>\n<\/ol>\n<p>&#8211; TikTok ka sh\u00ebrbyer si nj\u00eb hap\u00ebsir\u00eb p\u00ebr krijues t\u00eb rinj dhe ka krijuar mund\u00ebsi p\u00ebr sip\u00ebrmarr\u00ebs dhe artist\u00eb t\u00eb promovojn\u00eb pun\u00ebn e tyre.<\/p>\n<ol start=\"3\">\n<li>P\u00ebrdorim i p\u00ebrgjegjsh\u00ebm:<\/li>\n<\/ol>\n<p>&#8211; Problemet q\u00eb lidhen me p\u00ebrmbajtjen dhe sigurin\u00eb mund t\u00eb zgjidhen me rregullore m\u00eb t\u00eb mira dhe me masa mbrojt\u00ebse, pa e ndaluar plot\u00ebsisht aplikacionin.<\/p>\n<ol start=\"4\">\n<li>Ndikimi ekonomik:<\/li>\n<\/ol>\n<p>&#8211; TikTok ka krijuar vende pune dhe ka ndihmuar shum\u00eb biznese t\u00eb vogla p\u00ebrmes reklamave dhe strategjive t\u00eb marketingut.<\/p>\n<p>Pra Tiktok nuk \u00ebsht\u00eb vet\u00ebm me pamje djalli,si\u00e7 mundohet ta paraqes\u00eb Rama p\u00ebr arsyet e tij politike e t\u00eb censur\u00ebs. Aq m\u00eb tep\u00ebr njeriu e njer\u00ebzimi nuk mund t\u00eb dal\u00eb kund\u00ebr teknologjis\u00eb<\/p>\n<p>N\u00eb vend q\u00eb t\u00eb mbyllet, disa vende kan\u00eb propozuar:<\/p>\n<p>&#8211; Rregullime p\u00ebr m\u00ebnyr\u00ebn se si TikTok menaxhon t\u00eb dh\u00ebnat.<\/p>\n<p>&#8211; Monitorim m\u00eb t\u00eb mir\u00eb t\u00eb p\u00ebrmbajtjes dhe zbatimin e kufizimeve p\u00ebr p\u00ebrmbajtje t\u00eb pap\u00ebrshtatshme.<\/p>\n<p>&#8211; Nd\u00ebrtimin e server\u00ebve lokal\u00eb p\u00ebr t\u00eb ruajtur t\u00eb dh\u00ebnat e p\u00ebrdoruesve brenda kufijve t\u00eb vendit.<\/p>\n<p>Pra gjithcka duhet t\u00eb bazohet n\u00eb nj\u00eb analiz\u00eb t\u00eb kujdesshme t\u00eb p\u00ebrfitimeve dhe rreziqeve q\u00eb ofron platforma.<\/p>\n<p>Por valltari i vdekjes nuk pyet.<\/p>\n<p>Ai k\u00ebrkon t\u00eb arrij\u00eb q\u00ebllimin e tij n\u00eb funksion t\u00eb jet\u00ebs s\u00eb tij politike e cila po fiket \u00e7do dit\u00eb q\u00eb vjen.<\/p>\n<p>&nbsp;<\/p>\n","protected":false},"excerpt":{"rendered":"<p>Nga\u00a0Lu\u00e7iano BO\u00c7I Rama po p\u00ebrdor vrasjen Martinit p\u00ebr t\u00eb zgjatur jet\u00ebn e tij politike. Ai vazhdon t\u00eb hedh\u00eb vallen e tij pa pyetur fare as p\u00ebr jet\u00ebn dhe as p\u00ebr edukimin. Thjesht k\u00ebrkon t\u00eb justifikoj\u00eb veten e qeverisjen, por dhe n\u00eb form\u00eb cinike t\u00eb mbyll\u00eb nj\u00eb komunikim problematik p\u00ebr qeverisjen dhe nj\u00eb motor i cili &hellip;<\/p>\n","protected":false},"author":4,"featured_media":67888,"comment_status":"closed","ping_status":"closed","sticky":false,"template":"","format":"standard","meta":{"footnotes":""},"categories":[44],"tags":[],"class_list":["post-99579","post","type-post","status-publish","format-standard","has-post-thumbnail","","category-editorial"],"_links":{"self":[{"href":"https:\/\/rdnews.al\/index.php\/wp-json\/wp\/v2\/posts\/99579","targetHints":{"allow":["GET"]}}],"collection":[{"href":"https:\/\/rdnews.al\/index.php\/wp-json\/wp\/v2\/posts"}],"about":[{"href":"https:\/\/rdnews.al\/index.php\/wp-json\/wp\/v2\/types\/post"}],"author":[{"embeddable":true,"href":"https:\/\/rdnews.al\/index.php\/wp-json\/wp\/v2\/users\/4"}],"replies":[{"embeddable":true,"href":"https:\/\/rdnews.al\/index.php\/wp-json\/wp\/v2\/comments?post=99579"}],"version-history":[{"count":1,"href":"https:\/\/rdnews.al\/index.php\/wp-json\/wp\/v2\/posts\/99579\/revisions"}],"predecessor-version":[{"id":99580,"href":"https:\/\/rdnews.al\/index.php\/wp-json\/wp\/v2\/posts\/99579\/revisions\/99580"}],"wp:featuredmedia":[{"embeddable":true,"href":"https:\/\/rdnews.al\/index.php\/wp-json\/wp\/v2\/media\/67888"}],"wp:attachment":[{"href":"https:\/\/rdnews.al\/index.php\/wp-json\/wp\/v2\/media?parent=99579"}],"wp:term":[{"taxonomy":"category","embeddable":true,"href":"https:\/\/rdnews.al\/index.php\/wp-json\/wp\/v2\/categories?post=99579"},{"taxonomy":"post_tag","embeddable":true,"href":"https:\/\/rdnews.al\/index.php\/wp-json\/wp\/v2\/tags?post=99579"}],"curies":[{"name":"wp","href":"https:\/\/api.w.org\/{rel}","templated":true}]}}