{"id":99592,"date":"2024-12-23T11:49:13","date_gmt":"2024-12-23T11:49:13","guid":{"rendered":"https:\/\/rdnews.al\/?p=99592"},"modified":"2024-12-23T11:49:13","modified_gmt":"2024-12-23T11:49:13","slug":"rendimi-i-akuzes-per-beqajn-berisha-merite-e-opozites-do-ti-zberthejme-nje-nga-nje-dhe-anetaret-e-organizates-kriminale-skap","status":"publish","type":"post","link":"https:\/\/rdnews.al\/index.php\/2024\/12\/23\/rendimi-i-akuzes-per-beqajn-berisha-merite-e-opozites-do-ti-zberthejme-nje-nga-nje-dhe-anetaret-e-organizates-kriminale-skap\/","title":{"rendered":"R\u00ebndimi i akuz\u00ebs p\u00ebr Beqajn\/ Berisha: Merit\u00eb e opozit\u00ebs, do t&#8217;i zb\u00ebrthejm\u00eb nj\u00eb nga nj\u00eb dhe an\u00ebtar\u00ebt e organizat\u00ebs kriminale Skap"},"content":{"rendered":"<p>Kryetari i PD, Sali Berisha,\u00a0vler\u00ebsoi opozit\u00ebn dhe qytetar\u00ebt protestues p\u00ebr rolin e tyre n\u00eb zb\u00ebrthimin e aferave t\u00eb m\u00ebdha, duke p\u00ebrmendur konkretisht skandalet e incenerator\u00ebve dhe sterilizimit.<\/p>\n<p>Berisha theksoi se. pa presionin e opozit\u00ebs dhe protestuesve, figura si Erion Veliaj dhe Ilir Beqaj do t\u00eb ishin mbrojtur dhe nuk do t\u00eb ishin p\u00ebrballur me drejt\u00ebsin\u00eb. Ai akuzoi qeverin\u00eb p\u00ebr falsifikimin e dosjeve dhe p\u00ebrpjekjet p\u00ebr t\u00eb fshehur krimet, duke e quajtur k\u00ebt\u00eb nj\u00eb betej\u00eb p\u00ebr transparenc\u00eb dhe drejt\u00ebsi.<\/p>\n<p>\u201cNderim t\u00eb madh qytetar\u00ebve protestues q\u00eb po b\u00ebjn\u00eb n\u00eb m\u00ebnyr\u00ebn m\u00eb t\u00eb shk\u00eblqyer prokurorin publik, q\u00eb po vejn\u00eb me shpatulla p\u00ebr muri, gangster\u00eb dhe an\u00ebtar\u00eb t\u00eb organizat\u00ebs kriminale t\u00eb Skapit t\u00eb partis\u00eb.\u00a0Kjo \u00ebsht\u00eb p\u00ebrgjigja ime p\u00ebr pyetjen tuaj.<\/p>\n<p>T\u00eb jesh i sigurt\u00eb se po t\u00eb mos qe kjo opozit\u00eb, po t\u00eb mos qen\u00eb qytetar\u00ebt me protest\u00ebn e tyre, Erion Veliaj do t\u00eb hynte jo nga dera e hales\u00eb n\u00eb selin\u00eb e PS-s\u00eb, por do t\u00eb hynte ballore dhe me 30 roje i shoq\u00ebruar. Edhe Beqja i partis\u00eb do t\u00eb tallej me publikun. Por kjo opozit\u00eb po i zb\u00ebrthen nj\u00eb nga nj\u00eb, ata dhe an\u00ebtar\u00ebt e organizat\u00ebs kriminale.<\/p>\n<p>Pa m\u00eb thoni pak, \u00e7far\u00eb ka dal\u00eb e re o miq! Q\u00eb dit\u00ebn e par\u00eb kur kan\u00eb marr\u00eb dosjen e sterilizimit \u00ebsht\u00eb v\u00ebrtetuar se Ilir Beqaj ka 7 firma n\u00eb proces dhe se \u00ebsht\u00eb nj\u00ebshi i atij procesi. Por q\u00eb nuk mund t\u00eb vihej n\u00eb epiqend\u00ebr, sepse prap tij q\u00ebndronte Edi Rama q\u00eb vraponte si injorant nga studio n\u00eb studio dhe thoshte, ja me se operojn\u00eb, tregonte gjys\u00ebm g\u00ebrsh\u00ebr\u00eb dhe gjys\u00ebm pince, duke harruar se me to nuk mund t\u00eb operohet kurr\u00eb.<\/p>\n<p>K\u00ebto dhe ato q\u00eb ndodhin me Erion Veliajn, jan\u00eb merita t\u00eb nj\u00eb opozite q\u00eb nuk rreshti kurr\u00eb dhe nuk do t\u00eb rresht\u00eb kurr\u00eb, gjersa ata t\u00eb shkojn\u00eb bashk\u00eb me Edi Ram\u00ebn n\u00eb qeli.<\/p>\n<p>Nuk i mbyll dot kush dy vjedhjet e m\u00ebdha t\u00eb shekullit.<\/p>\n<p>Vjedhjen e par\u00eb, t\u00eb inceneratorit.<\/p>\n<p>Vjedhjen e dyt\u00eb, sterilizimin. Nuk ka forc\u00eb n\u00eb bot\u00eb q\u00eb mund ti mbyll\u00eb ato. Kurr\u00eb. Ata jan\u00eb t\u00eb pambyllshme. E di \u00e7\u2019b\u00ebjn\u00eb ata. Rrin\u00eb e falsifikojn\u00eb dosje. Do ti sjell k\u00ebtu dhe \u00e7do gj\u00eb n\u00eb koh\u00ebn e vet, koh\u00ebn e duhur.<\/p>\n<p>Si mund t\u00eb gjykohet Ilir Beqaj p\u00ebr 130 mij\u00eb euro q\u00eb kishte porositur bashk\u00eb me ministren e Turizmit t\u00eb nj\u00ebjt\u00ebn dark\u00eb dhe n\u00eb t\u00eb nj\u00ebjtin lokal. Se kan\u00eb qen\u00eb miqt\u00eb e ministres s\u00eb Kultur\u00ebs, ku ka shtruar ajo dark\u00ebn, por Beqaj ka vrapuar t\u00eb marr\u00eb parat\u00eb te donator\u00ebt p\u00ebr t\u00eb paguar dark\u00ebn.<\/p>\n<p>P\u00ebr ti vjedhur 130 mij\u00eb.<\/p>\n<p>Dhe k\u00ebtu q\u00eb ishin 100 milion\u00eb t\u00eb shqiptar\u00ebve, k\u00ebtu nuk prekej. Gjykat\u00ebsi e ka b\u00ebr\u00eb k\u00ebt\u00eb, gjykat\u00ebsi \u00ebsht\u00eb n\u00eb p\u00ebrputhje me ligjin, natyrisht i vonuar, pasi dosja ka 1 vit e gjys\u00ebm aty.<\/p>\n<p>Ka nj\u00eb merit\u00eb t\u00eb ve\u00e7ant\u00eb komisioni i fundit parlamentar q\u00eb e riktheu b\u00ebri nj\u00eb replay t\u00eb t\u00eb gjith\u00eb \u00e7\u00ebshtjes s\u00eb sterilizimit, emisionet televizive.<\/p>\n<p>Pra beteja e opozit\u00ebs p\u00ebr transparenc\u00eb po gozhdon edhe an\u00ebtar\u00ebt e organizat\u00ebs kriminale Skap dhe po i detyron q\u00eb t\u00eb kuptojn\u00eb se do t\u00eb gjykohen, do t\u00eb gjykohen me rrept\u00ebsin\u00eb m\u00eb t\u00eb madhe p\u00ebr k\u00ebto krime q\u00eb kryejn\u00eb me dosjet e tyre. Do t\u00eb gjykohen shum\u00eb r\u00ebnd\u00eb\u201d, tha Berisha.<\/p>\n","protected":false},"excerpt":{"rendered":"<p>Kryetari i PD, Sali Berisha,\u00a0vler\u00ebsoi opozit\u00ebn dhe qytetar\u00ebt protestues p\u00ebr rolin e tyre n\u00eb zb\u00ebrthimin e aferave t\u00eb m\u00ebdha, duke p\u00ebrmendur konkretisht skandalet e incenerator\u00ebve dhe sterilizimit. Berisha theksoi se. pa presionin e opozit\u00ebs dhe protestuesve, figura si Erion Veliaj dhe Ilir Beqaj do t\u00eb ishin mbrojtur dhe nuk do t\u00eb ishin p\u00ebrballur me drejt\u00ebsin\u00eb. &hellip;<\/p>\n","protected":false},"author":4,"featured_media":99593,"comment_status":"closed","ping_status":"closed","sticky":false,"template":"","format":"standard","meta":{"footnotes":""},"categories":[37],"tags":[],"class_list":["post-99592","post","type-post","status-publish","format-standard","has-post-thumbnail","","category-politike"],"_links":{"self":[{"href":"https:\/\/rdnews.al\/index.php\/wp-json\/wp\/v2\/posts\/99592","targetHints":{"allow":["GET"]}}],"collection":[{"href":"https:\/\/rdnews.al\/index.php\/wp-json\/wp\/v2\/posts"}],"about":[{"href":"https:\/\/rdnews.al\/index.php\/wp-json\/wp\/v2\/types\/post"}],"author":[{"embeddable":true,"href":"https:\/\/rdnews.al\/index.php\/wp-json\/wp\/v2\/users\/4"}],"replies":[{"embeddable":true,"href":"https:\/\/rdnews.al\/index.php\/wp-json\/wp\/v2\/comments?post=99592"}],"version-history":[{"count":1,"href":"https:\/\/rdnews.al\/index.php\/wp-json\/wp\/v2\/posts\/99592\/revisions"}],"predecessor-version":[{"id":99594,"href":"https:\/\/rdnews.al\/index.php\/wp-json\/wp\/v2\/posts\/99592\/revisions\/99594"}],"wp:featuredmedia":[{"embeddable":true,"href":"https:\/\/rdnews.al\/index.php\/wp-json\/wp\/v2\/media\/99593"}],"wp:attachment":[{"href":"https:\/\/rdnews.al\/index.php\/wp-json\/wp\/v2\/media?parent=99592"}],"wp:term":[{"taxonomy":"category","embeddable":true,"href":"https:\/\/rdnews.al\/index.php\/wp-json\/wp\/v2\/categories?post=99592"},{"taxonomy":"post_tag","embeddable":true,"href":"https:\/\/rdnews.al\/index.php\/wp-json\/wp\/v2\/tags?post=99592"}],"curies":[{"name":"wp","href":"https:\/\/api.w.org\/{rel}","templated":true}]}}