{"id":99769,"date":"2024-12-24T10:23:55","date_gmt":"2024-12-24T10:23:55","guid":{"rendered":"https:\/\/rdnews.al\/?p=99769"},"modified":"2024-12-24T10:28:49","modified_gmt":"2024-12-24T10:28:49","slug":"gjekmarkaj-policet-me-dhunuan-brutalisht-me-ka-mbetur-ne-kujtese-egersia-e-dy-tre-oficereve","status":"publish","type":"post","link":"https:\/\/rdnews.al\/index.php\/2024\/12\/24\/gjekmarkaj-policet-me-dhunuan-brutalisht-me-ka-mbetur-ne-kujtese-egersia-e-dy-tre-oficereve\/","title":{"rendered":"Gjekmarkaj: S&#8217;mund t\u00eb m\u00eb dhunonin pa nj\u00eb urdh\u00ebr politik! M\u00eb ka mbetur n\u00eb kujtes\u00eb eg\u00ebrsia e dy-tre oficer\u00ebve t\u00eb policis\u00eb&#8230;"},"content":{"rendered":"<p>N\u00ebnkryetari i PD, Agron Gjekmarkaj, nj\u00ebkoh\u00ebsisht n\u00ebnkryetar i Kuvendit t\u00eb Shqip\u00ebris\u00eb, reagoi pas dhun\u00ebs brutale t\u00eb policis\u00eb mbr\u00ebmjen e kaluar gjat\u00eb mosbindjes civile. P\u00ebr shkak t\u00eb k\u00ebsaj dhune, Gjekmarkaj p\u00ebrfundoi n\u00eb spital.<\/p>\n<p><strong>Deklarata<\/strong><\/p>\n<p>Nuk do t\u00eb kisha reaguar p\u00ebrsa ndodhi dje me mua n\u00eb proteste n\u00ebse Policia e Shtetit nuk do m\u00eb fyente s\u00eb dyti me deklarat\u00ebn e vet publike e dizinformuese!<\/p>\n<p>Nuk e p\u00eblqej, as e k\u00ebrkoj viktimizimin! Madje kurr\u00eb n\u00eb jet\u00ebn time nuk kam k\u00ebrkuar as nxitur ballafaqime fizike!<\/p>\n<p>Nuk kam sulmuar asnj\u00ebher\u00eb ask\u00ebnd! Dje thjesht jam mbrojtur. I gjindur para nj\u00eb makine t\u00eb vog\u00ebl bashk\u00eb me shoq\u00ebruesin tim, punonj\u00ebs i gard\u00ebs, i cili u keqtrajtua gjithashtu ndon\u00ebse u tregoi edhe dokumentin identifikues, u rrethova nga nj\u00eb grup i madh polic\u00ebsh!<\/p>\n<p>Ju thash\u00eb mos m\u00eb prekni, jam Agron Gjekmarkaj, n\u00ebnkryetari i Kuvendit t\u00eb Republik\u00ebs, deputet, pedagog universiteti me but\u00ebsi gati me humor, nuk shquhem p\u00ebr force fizike, nuk b\u00ebj palest\u00ebr, ndaj b\u00ebni kujdes!<\/p>\n<p>M\u00eb shtyn\u00eb brutalisht, me shum\u00eb forc\u00eb, thyen edhe pasqyr\u00ebn e vetur\u00ebs duke m\u00eb ngritur gati n\u00eb aj\u00ebr mua!<\/p>\n<p>M\u00eb t\u00ebrhoqi shoq\u00ebruesi me shum\u00eb mundim dhe nj\u00eb djal\u00eb nga Lezha p\u00ebrmes polic\u00ebve teksa ndjeja frym\u00ebmarrjen q\u00eb po m\u00eb ngadal\u00ebsohej! Sapo dola nga turma e polic\u00ebve, duke m\u00eb t\u00ebrhequr t\u00eb tjer\u00ebt, humba ndjenjat! Nuk u ndjeva keq se kisha probleme me sh\u00ebndetin, por si pasoje e veprimeve t\u00eb policis\u00eb! Nuk u largova nga protesta se desha t\u00eb largohem, por me detyruan, nuk u largova p\u00ebr t\u00eb shkuar n\u00eb kafe apo sht\u00ebpi, por n\u00eb spital!<\/p>\n<p>M\u00eb ka mbetur n\u00eb kujtes\u00eb eg\u00ebrsia n\u00eb shikim e dy-tre oficer\u00ebve t\u00eb policis\u00eb, zelli i tyre si dikur motit kur arrestoheshin deputet\u00ebt e opozit\u00ebs n\u00eb 1946, u dukej e padrejt\u00eb q\u00eb dikush guxon t\u00eb protestoj\u00eb kund\u00ebr pushtetit t\u00eb tyre se ata e shohin pushtetin si gj\u00ebn\u00eb e tyre, pse jo edhe si instrument dhune!<\/p>\n<p>Gjithsesi ata nuk mund t\u00eb shtynin nj\u00eb deputet n\u00eb at\u00eb m\u00ebnyr\u00eb pa nj\u00eb urdh\u00ebr politik!<\/p>\n<p>P\u00ebrfitoj nga ky rast i trisht\u00eb t\u00eb falenderoj t\u00eb gjith\u00eb ata q\u00eb m\u2019u gjinden pran\u00eb, protestuesit, demokrat\u00ebt e qytetar\u00ebt e Lezh\u00ebs, drejtuesit dhe deputet\u00ebt e PD, mjek\u00ebt e Spitalit Ushtarak dhe ata t\u00eb QSUT p\u00ebr ekzaminimet dhe sh\u00ebrbimin, falenderoj qindra miq e t\u00eb njohur nga vendi e bota p\u00ebr at\u00eb lum\u00eb mesazhesh q\u00eb kam marr\u00eb prej tyre ende n\u00eb pamund\u00ebsi p\u00ebr t\u2019u kthyer p\u00ebrgjigje individualisht!<\/p>\n<p>Shpreh keqardhje t\u00eb thell\u00eb p\u00ebr t\u00eb gjith\u00eb t\u00eb l\u00ebnduarit e t\u00eb ndaluarit, t\u00eb cil\u00ebt p\u00ebrpiqen p\u00ebr nj\u00eb Shqip\u00ebri m\u00eb t\u00eb mir\u00eb, q\u00eb nuk e mor\u00ebn v\u00ebmendjen q\u00eb mora un\u00eb! Ne nuk kemi frik\u00eb!<\/p>\n<p>Sot jemi n\u00eb vigjilje t\u00eb Krishtlindjeve! Qofshin ato t\u00eb bardha p\u00ebr ju dhe t\u00eb gjith\u00eb shqiptar\u00ebt! T\u00eb tjerat do t\u00eb jen\u00eb m\u00eb t\u00eb mira!<\/p>\n","protected":false},"excerpt":{"rendered":"<p>N\u00ebnkryetari i PD, Agron Gjekmarkaj, nj\u00ebkoh\u00ebsisht n\u00ebnkryetar i Kuvendit t\u00eb Shqip\u00ebris\u00eb, reagoi pas dhun\u00ebs brutale t\u00eb policis\u00eb mbr\u00ebmjen e kaluar gjat\u00eb mosbindjes civile. P\u00ebr shkak t\u00eb k\u00ebsaj dhune, Gjekmarkaj p\u00ebrfundoi n\u00eb spital. Deklarata Nuk do t\u00eb kisha reaguar p\u00ebrsa ndodhi dje me mua n\u00eb proteste n\u00ebse Policia e Shtetit nuk do m\u00eb fyente s\u00eb dyti &hellip;<\/p>\n","protected":false},"author":4,"featured_media":99725,"comment_status":"closed","ping_status":"closed","sticky":false,"template":"","format":"standard","meta":{"footnotes":""},"categories":[37],"tags":[],"class_list":["post-99769","post","type-post","status-publish","format-standard","has-post-thumbnail","","category-politike"],"_links":{"self":[{"href":"https:\/\/rdnews.al\/index.php\/wp-json\/wp\/v2\/posts\/99769","targetHints":{"allow":["GET"]}}],"collection":[{"href":"https:\/\/rdnews.al\/index.php\/wp-json\/wp\/v2\/posts"}],"about":[{"href":"https:\/\/rdnews.al\/index.php\/wp-json\/wp\/v2\/types\/post"}],"author":[{"embeddable":true,"href":"https:\/\/rdnews.al\/index.php\/wp-json\/wp\/v2\/users\/4"}],"replies":[{"embeddable":true,"href":"https:\/\/rdnews.al\/index.php\/wp-json\/wp\/v2\/comments?post=99769"}],"version-history":[{"count":5,"href":"https:\/\/rdnews.al\/index.php\/wp-json\/wp\/v2\/posts\/99769\/revisions"}],"predecessor-version":[{"id":99774,"href":"https:\/\/rdnews.al\/index.php\/wp-json\/wp\/v2\/posts\/99769\/revisions\/99774"}],"wp:featuredmedia":[{"embeddable":true,"href":"https:\/\/rdnews.al\/index.php\/wp-json\/wp\/v2\/media\/99725"}],"wp:attachment":[{"href":"https:\/\/rdnews.al\/index.php\/wp-json\/wp\/v2\/media?parent=99769"}],"wp:term":[{"taxonomy":"category","embeddable":true,"href":"https:\/\/rdnews.al\/index.php\/wp-json\/wp\/v2\/categories?post=99769"},{"taxonomy":"post_tag","embeddable":true,"href":"https:\/\/rdnews.al\/index.php\/wp-json\/wp\/v2\/tags?post=99769"}],"curies":[{"name":"wp","href":"https:\/\/api.w.org\/{rel}","templated":true}]}}