{"id":99786,"date":"2024-12-24T11:41:09","date_gmt":"2024-12-24T11:41:09","guid":{"rendered":"https:\/\/rdnews.al\/?p=99786"},"modified":"2024-12-24T11:41:31","modified_gmt":"2024-12-24T11:41:31","slug":"hoti-dhuna-me-porosi-politike-ndaj-gjekmarkajt-dhe-protestuesve-fytyra-e-policise-se-narko-regjimit","status":"publish","type":"post","link":"https:\/\/rdnews.al\/index.php\/2024\/12\/24\/hoti-dhuna-me-porosi-politike-ndaj-gjekmarkajt-dhe-protestuesve-fytyra-e-policise-se-narko-regjimit\/","title":{"rendered":"Hoti: Dhuna me porosi politike ndaj Agron Gjekmarkajt dhe protestuesve, fytyra e policis\u00eb s\u00eb narko-regjimit!"},"content":{"rendered":"<p><strong>DEKLARAT\u00cb P\u00cbR MEDIA DEPUTETJA E PD, ELDA HOTI<\/strong><\/p>\n<p>T\u00eb dashur qytetar\u00eb!<\/p>\n<p>Akti i r\u00ebnd\u00eb i dhun\u00ebs me porosi politike direkte, ushtruar mbr\u00ebm\u00eb ndaj nenkryetarit te Kuvendit, n\u00ebnkryetarit t\u00eb Partis\u00eb Demokratike dhe drejtuesit politik t\u00eb qarkut Lezh\u00eb, z.Agron Gjekmarkaj, tregon m\u00eb s\u00eb miri fytyren e policis\u00eb s\u00eb narko-regjimit.<\/p>\n<p>Me deklarat\u00ebn e mbr\u00ebmshme, Drejtoria Vendore e Policis\u00eb Tiran\u00eb, duke tentuar t\u00eb fsheh\u00eb dhunimin, konfirmoi se goditja e deputetit ka qen\u00eb e porositur politikisht.<\/p>\n<p>Partia Demokratike d\u00ebnon me forc\u00eb dhun\u00ebn e ushtruar dhe k\u00ebrkon p\u00ebrgjegj\u00ebsin\u00eb e atyre q\u00eb kan\u00eb urdh\u00ebruar dhe zbatuar k\u00ebt\u00eb dhun\u00eb.<\/p>\n<p>T\u00eb gjith\u00eb do t\u00eb mbajn\u00eb p\u00ebrgjegj\u00ebsi si dhunuesit, si urdh\u00ebruesit.<\/p>\n<p>Nuk ka falje p\u00ebr asnj\u00ebr\u00ebn pal\u00eb!<\/p>\n<p>Policia, e cila ka p\u00ebr detyr\u00eb t\u00eb mbroj\u00eb qytetar\u00ebt dhe t\u00eb siguroj\u00eb rendin, fatkeq\u00ebsisht dhe p\u00ebr t\u00eb disat\u00ebn her\u00eb, po shnd\u00ebrrohet n\u00eb nj\u00eb instrument te dhun\u00ebs politike, n\u00eb nj\u00eb mash\u00eb t\u00eb verb\u00ebr t\u00eb bijve dhe nipave t\u00eb Enverit dhe Kristaqit.<\/p>\n<p>Arm\u00ebt n\u00eb protest\u00eb, dhuna e pavend, mosrespektimi i s\u00eb drejt\u00ebs kushtetuese p\u00ebr protest\u00eb t\u00eb qytetar\u00ebve, d\u00ebshmojn\u00eb frik\u00ebn dhe panikun e nj\u00eb pushteti t\u00eb dob\u00ebt dhe n\u00eb grahmat e fundit.<\/p>\n<p>Si pjes\u00eb e k\u00ebsaj frike dhe orkestrimi politik, dhjet\u00ebra protestues jan\u00eb shoqeruar mbr\u00ebm\u00eb dhe 7 jan\u00eb t\u00eb arrestuar n\u00ebp\u00ebr komisariate t\u00eb ndryshme n\u00eb Tiran\u00eb.<\/p>\n<p>Nj\u00eb nd\u00ebr t\u00eb arrestuarit \u00ebsht\u00eb edhe mirditori, Vlash Gjonaj, t\u00eb cilit 75 vite m\u00eb par\u00eb Partia Komuniste, sot me emrin Rilindje, i pushkatoi daj\u00ebn.<\/p>\n<p>Mbr\u00ebm\u00eb arrestojn\u00eb nipin, Vlashin, sepse proteston kund\u00ebr pasardh\u00ebsit t\u00eb et\u00ebrve t\u00eb tyre, diktatorit Edi Rama.<\/p>\n<p>Protesta \u00ebsht\u00eb nj\u00eb e drejt\u00eb legjitime e \u00e7do qytetari. Ajo \u00ebsht\u00eb z\u00ebri i pak\u00ebnaq\u00ebsis\u00eb, i shqet\u00ebsimit, revolt\u00ebs dhe i k\u00ebrkes\u00ebs per ndryshim.<\/p>\n<p>Por as arrestimet, as dhuna nuk mund dhe nuk do t\u00eb na ndal\u00eb. Vet\u00ebm na motivojne per te luftuar me fort per te drejtat tona.<\/p>\n<p>Asnj\u00eb regjim, sado i eg\u00ebr t\u00eb jet\u00eb nuk mund t\u00eb qendroj\u00eb p\u00ebrball\u00eb forc\u00ebs s\u00eb t\u00eb v\u00ebrtet\u00ebs dhe vullnetit t\u00eb popullit.<\/p>\n<p>Ne nuk ndalemi deri n\u00eb qeveri tekinke dhe zgjedhje t\u00eb lira.<\/p>\n<p>Me vete kemi t\u00eb drejt\u00ebn e Zotit dhe njer\u00ebzit e lir\u00eb.<\/p>\n<p>Faleminderit!<\/p>\n","protected":false},"excerpt":{"rendered":"<p>DEKLARAT\u00cb P\u00cbR MEDIA DEPUTETJA E PD, ELDA HOTI T\u00eb dashur qytetar\u00eb! Akti i r\u00ebnd\u00eb i dhun\u00ebs me porosi politike direkte, ushtruar mbr\u00ebm\u00eb ndaj nenkryetarit te Kuvendit, n\u00ebnkryetarit t\u00eb Partis\u00eb Demokratike dhe drejtuesit politik t\u00eb qarkut Lezh\u00eb, z.Agron Gjekmarkaj, tregon m\u00eb s\u00eb miri fytyren e policis\u00eb s\u00eb narko-regjimit. Me deklarat\u00ebn e mbr\u00ebmshme, Drejtoria Vendore e Policis\u00eb &hellip;<\/p>\n","protected":false},"author":4,"featured_media":99787,"comment_status":"closed","ping_status":"closed","sticky":false,"template":"","format":"standard","meta":{"footnotes":""},"categories":[37],"tags":[],"class_list":["post-99786","post","type-post","status-publish","format-standard","has-post-thumbnail","","category-politike"],"_links":{"self":[{"href":"https:\/\/rdnews.al\/index.php\/wp-json\/wp\/v2\/posts\/99786","targetHints":{"allow":["GET"]}}],"collection":[{"href":"https:\/\/rdnews.al\/index.php\/wp-json\/wp\/v2\/posts"}],"about":[{"href":"https:\/\/rdnews.al\/index.php\/wp-json\/wp\/v2\/types\/post"}],"author":[{"embeddable":true,"href":"https:\/\/rdnews.al\/index.php\/wp-json\/wp\/v2\/users\/4"}],"replies":[{"embeddable":true,"href":"https:\/\/rdnews.al\/index.php\/wp-json\/wp\/v2\/comments?post=99786"}],"version-history":[{"count":2,"href":"https:\/\/rdnews.al\/index.php\/wp-json\/wp\/v2\/posts\/99786\/revisions"}],"predecessor-version":[{"id":99789,"href":"https:\/\/rdnews.al\/index.php\/wp-json\/wp\/v2\/posts\/99786\/revisions\/99789"}],"wp:featuredmedia":[{"embeddable":true,"href":"https:\/\/rdnews.al\/index.php\/wp-json\/wp\/v2\/media\/99787"}],"wp:attachment":[{"href":"https:\/\/rdnews.al\/index.php\/wp-json\/wp\/v2\/media?parent=99786"}],"wp:term":[{"taxonomy":"category","embeddable":true,"href":"https:\/\/rdnews.al\/index.php\/wp-json\/wp\/v2\/categories?post=99786"},{"taxonomy":"post_tag","embeddable":true,"href":"https:\/\/rdnews.al\/index.php\/wp-json\/wp\/v2\/tags?post=99786"}],"curies":[{"name":"wp","href":"https:\/\/api.w.org\/{rel}","templated":true}]}}