{"id":99825,"date":"2024-12-24T14:44:57","date_gmt":"2024-12-24T14:44:57","guid":{"rendered":"https:\/\/rdnews.al\/?p=99825"},"modified":"2024-12-24T14:44:57","modified_gmt":"2024-12-24T14:44:57","slug":"spahia-u-thirr-ne-spak-pse-largoi-nga-puna-te-denuarin-me-8-vite-burg","status":"publish","type":"post","link":"https:\/\/rdnews.al\/index.php\/2024\/12\/24\/spahia-u-thirr-ne-spak-pse-largoi-nga-puna-te-denuarin-me-8-vite-burg\/","title":{"rendered":"Spahia u thirr n\u00eb SPAK pse largoi nga puna t\u00eb d\u00ebnuarin me 8 vite burg"},"content":{"rendered":"<p>Ish-kryebashkiaku i Shkodr\u00ebs, Bardh Spahiaishte k\u00ebt\u00eb t\u00eb mart\u00eb n\u00eb SPAK p\u00ebr t\u00eb dh\u00ebn\u00eb deklarimet e tij\u00a0 mbi detyr\u00ebn qe ka mbajtur si kryetar bashkie n\u00eb Shkod\u00ebr.<\/p>\n<p>\u00c7\u00ebshtja q\u00eb ka v\u00ebn\u00eb n\u00eb l\u00ebvizje SPAK, nuk ka lidhje as me tenderat, as me dyshime korrupsioni por me vendimin e asaj kohe p\u00ebr t\u00eb larguar nga detyra drejtorin e uj\u00ebsjell\u00ebsit t\u00eb qytetit Mark Molla.<\/p>\n<p>Sipas burimeve t\u00eb grupit t\u00eb hetimit, ish-kryebashkiaku Spahia ka th\u00ebn\u00eb se ka zbatuar ligjin p\u00ebr k\u00ebt\u00eb vendimmarrje.<\/p>\n<p>Pra, Bardh Spahija thirret n\u00eb SPAK p\u00ebr nj\u00eb \u00e7\u00ebshtje banale administrative. P\u00ebr heqjen nga puna, sipas ligjit, t\u00eb nj\u00eb personi q\u00eb dikur ka qen\u00eb krahu i djatht\u00eb i Ademit dhe n\u00eb fushat\u00ebn e fundit elektorale \u00ebsht\u00eb b\u00ebr\u00eb bashk\u00ebpun\u00ebtor i ngusht\u00eb i Benet Becit, por q\u00eb edhe dashuria me k\u00ebt\u00eb t\u00eb fundit nuk i ka zgjatur shum\u00eb, pasi Beci e p\u00ebrdori p\u00ebr zgjedhje dhe e hoqi nga puna edhe ai.<\/p>\n<p>Mark Molla \u00ebsht\u00eb gjithashtu nj\u00eb person i d\u00ebnuar me 8 vite burg p\u00ebr p\u00ebrvet\u00ebsim prone, 10 muaj p\u00ebr shp\u00ebrdorim detyre, dhe 10 muaj p\u00ebr falsifikim t\u00eb dokumentit zyrtar. Gj\u00eb e cila i gjendet edhe n\u00eb d\u00ebshmin\u00eb e penalitetit q\u00eb v\u00ebrteton d\u00ebnimet n\u00eb fjal\u00eb dhe se ai \u00ebsht\u00eb rehabilituar. Kur ishte Drejtori i Uj\u00ebsjell\u00ebs Kanalizimeve Shkod\u00ebr nuk e ka deklaruar d\u00ebnimin n\u00eb formularin e dekriminalizimit.<\/p>\n","protected":false},"excerpt":{"rendered":"<p>Ish-kryebashkiaku i Shkodr\u00ebs, Bardh Spahiaishte k\u00ebt\u00eb t\u00eb mart\u00eb n\u00eb SPAK p\u00ebr t\u00eb dh\u00ebn\u00eb deklarimet e tij\u00a0 mbi detyr\u00ebn qe ka mbajtur si kryetar bashkie n\u00eb Shkod\u00ebr. \u00c7\u00ebshtja q\u00eb ka v\u00ebn\u00eb n\u00eb l\u00ebvizje SPAK, nuk ka lidhje as me tenderat, as me dyshime korrupsioni por me vendimin e asaj kohe p\u00ebr t\u00eb larguar nga detyra drejtorin &hellip;<\/p>\n","protected":false},"author":3,"featured_media":99826,"comment_status":"closed","ping_status":"closed","sticky":false,"template":"","format":"standard","meta":{"footnotes":""},"categories":[37],"tags":[],"class_list":["post-99825","post","type-post","status-publish","format-standard","has-post-thumbnail","","category-politike"],"_links":{"self":[{"href":"https:\/\/rdnews.al\/index.php\/wp-json\/wp\/v2\/posts\/99825","targetHints":{"allow":["GET"]}}],"collection":[{"href":"https:\/\/rdnews.al\/index.php\/wp-json\/wp\/v2\/posts"}],"about":[{"href":"https:\/\/rdnews.al\/index.php\/wp-json\/wp\/v2\/types\/post"}],"author":[{"embeddable":true,"href":"https:\/\/rdnews.al\/index.php\/wp-json\/wp\/v2\/users\/3"}],"replies":[{"embeddable":true,"href":"https:\/\/rdnews.al\/index.php\/wp-json\/wp\/v2\/comments?post=99825"}],"version-history":[{"count":1,"href":"https:\/\/rdnews.al\/index.php\/wp-json\/wp\/v2\/posts\/99825\/revisions"}],"predecessor-version":[{"id":99827,"href":"https:\/\/rdnews.al\/index.php\/wp-json\/wp\/v2\/posts\/99825\/revisions\/99827"}],"wp:featuredmedia":[{"embeddable":true,"href":"https:\/\/rdnews.al\/index.php\/wp-json\/wp\/v2\/media\/99826"}],"wp:attachment":[{"href":"https:\/\/rdnews.al\/index.php\/wp-json\/wp\/v2\/media?parent=99825"}],"wp:term":[{"taxonomy":"category","embeddable":true,"href":"https:\/\/rdnews.al\/index.php\/wp-json\/wp\/v2\/categories?post=99825"},{"taxonomy":"post_tag","embeddable":true,"href":"https:\/\/rdnews.al\/index.php\/wp-json\/wp\/v2\/tags?post=99825"}],"curies":[{"name":"wp","href":"https:\/\/api.w.org\/{rel}","templated":true}]}}