{"id":99855,"date":"2024-12-25T09:51:39","date_gmt":"2024-12-25T09:51:39","guid":{"rendered":"https:\/\/rdnews.al\/?p=99855"},"modified":"2024-12-25T09:51:39","modified_gmt":"2024-12-25T09:51:39","slug":"rrezikohet-gjobe-e-majme-tiktok-mund-te-hedhe-ne-gjyq-shqiperine","status":"publish","type":"post","link":"https:\/\/rdnews.al\/index.php\/2024\/12\/25\/rrezikohet-gjobe-e-majme-tiktok-mund-te-hedhe-ne-gjyq-shqiperine\/","title":{"rendered":"Rrezikohet gjob\u00eb e majme, TikTok mund t\u00eb hedh\u00eb n\u00eb gjyq Shqip\u00ebrin\u00eb"},"content":{"rendered":"<p>Drejtuesi i Acromax Albania, Aldor Nini ka paralajm\u00ebruar se platforma TikTok mund t\u00eb hedh\u00eb n\u00eb gjyq shtetin shqiptar p\u00ebr shkak t\u00eb deklaratave t\u00eb kryeministrit Edi Rama.<\/p>\n<p>Nini tha se p\u00ebr shkak t\u00eb etiketimit si \u201crruga\u00e7i i lagjes\u201d, vendi yn\u00eb rrezikon nj\u00eb gjob\u00eb t\u00eb majme nga TikTok.<\/p>\n<p>\u201cMund t\u00eb nisin t\u00eb bllokojn\u00eb IP. Duke bllokuar Ip adresa, nuk do funksionojn\u00eb mir\u00eb dhe kompanit\u00eb e tjera. Rama ka th\u00ebn\u00eb hapur se Tik Tok \u00ebsht\u00eb \u201crruga\u00e7i i lagjes\u201d, q\u00eb do t\u00eb thot\u00eb rrezikon nj\u00eb gjob\u00eb t\u00eb majme nga Tik Tok. Rrjeti social mund t\u00eb padis\u00eb shtetin shqiptar\u201d, tha ai n\u00eb News24.<\/p>\n<p>&nbsp;<\/p>\n","protected":false},"excerpt":{"rendered":"<p>Drejtuesi i Acromax Albania, Aldor Nini ka paralajm\u00ebruar se platforma TikTok mund t\u00eb hedh\u00eb n\u00eb gjyq shtetin shqiptar p\u00ebr shkak t\u00eb deklaratave t\u00eb kryeministrit Edi Rama. Nini tha se p\u00ebr shkak t\u00eb etiketimit si \u201crruga\u00e7i i lagjes\u201d, vendi yn\u00eb rrezikon nj\u00eb gjob\u00eb t\u00eb majme nga TikTok. \u201cMund t\u00eb nisin t\u00eb bllokojn\u00eb IP. Duke bllokuar Ip &hellip;<\/p>\n","protected":false},"author":4,"featured_media":99856,"comment_status":"closed","ping_status":"closed","sticky":false,"template":"","format":"standard","meta":{"footnotes":""},"categories":[37],"tags":[],"class_list":["post-99855","post","type-post","status-publish","format-standard","has-post-thumbnail","","category-politike"],"_links":{"self":[{"href":"https:\/\/rdnews.al\/index.php\/wp-json\/wp\/v2\/posts\/99855","targetHints":{"allow":["GET"]}}],"collection":[{"href":"https:\/\/rdnews.al\/index.php\/wp-json\/wp\/v2\/posts"}],"about":[{"href":"https:\/\/rdnews.al\/index.php\/wp-json\/wp\/v2\/types\/post"}],"author":[{"embeddable":true,"href":"https:\/\/rdnews.al\/index.php\/wp-json\/wp\/v2\/users\/4"}],"replies":[{"embeddable":true,"href":"https:\/\/rdnews.al\/index.php\/wp-json\/wp\/v2\/comments?post=99855"}],"version-history":[{"count":1,"href":"https:\/\/rdnews.al\/index.php\/wp-json\/wp\/v2\/posts\/99855\/revisions"}],"predecessor-version":[{"id":99857,"href":"https:\/\/rdnews.al\/index.php\/wp-json\/wp\/v2\/posts\/99855\/revisions\/99857"}],"wp:featuredmedia":[{"embeddable":true,"href":"https:\/\/rdnews.al\/index.php\/wp-json\/wp\/v2\/media\/99856"}],"wp:attachment":[{"href":"https:\/\/rdnews.al\/index.php\/wp-json\/wp\/v2\/media?parent=99855"}],"wp:term":[{"taxonomy":"category","embeddable":true,"href":"https:\/\/rdnews.al\/index.php\/wp-json\/wp\/v2\/categories?post=99855"},{"taxonomy":"post_tag","embeddable":true,"href":"https:\/\/rdnews.al\/index.php\/wp-json\/wp\/v2\/tags?post=99855"}],"curies":[{"name":"wp","href":"https:\/\/api.w.org\/{rel}","templated":true}]}}