{"id":99907,"date":"2024-12-26T09:08:58","date_gmt":"2024-12-26T09:08:58","guid":{"rendered":"https:\/\/rdnews.al\/?p=99907"},"modified":"2024-12-26T09:08:58","modified_gmt":"2024-12-26T09:08:58","slug":"veliaj-thirret-nga-shoket-e-spak-ja-per-cfare-po-hetohet","status":"publish","type":"post","link":"https:\/\/rdnews.al\/index.php\/2024\/12\/26\/veliaj-thirret-nga-shoket-e-spak-ja-per-cfare-po-hetohet\/","title":{"rendered":"Veliaj thirret nga shok\u00ebt e SPAK, ja p\u00ebr \u00e7far\u00eb po hetohet"},"content":{"rendered":"<p>Kryebashkiaku i Tiran\u00ebs Erion Veliaj u paraqit m\u00ebngjesin e k\u00ebsaj t\u00eb enjte (26 dhjetor 2024) n\u00eb SPAK. M\u00ebsohet se Veliaj do t\u00eb jap\u00eb deklarime n\u00eb lidhje me hetimin e regjistuar nga SPAK p\u00ebr vepr\u00ebn penale t\u00eb \u201ckorrupsionit pasiv t\u00eb funksionar\u00ebve t\u00eb lart\u00eb shtet\u00ebrore dhe t\u00eb zgjedhurve vendor\u00eb\u201d.<\/p>\n<p>Hetimet po ndiqen nga prokurori Ols Dado. Referuar raportimeve mediatike, SPAK ka indicie se Erion Veliaj dhe t\u00eb af\u00ebrmit e tij jan\u00eb implikuar n\u00eb skemat e p\u00ebrfitimit t\u00eb parave n\u00eb rrjetin e kompanive q\u00eb ka n\u00eb pron\u00ebsi biznesmeni shqiptaro-belg Elman Abule. Ndaj k\u00ebtij t\u00eb fundit ka dhe nj\u00eb hetim nga Prokuroria e Tiran\u00ebs, ku akuzohet se ka ngritur nj\u00eb skem\u00eb t\u00eb pastrimit t\u00eb parave, ku \u00ebsht\u00eb pjes\u00eb bashk\u00ebshortja e tij bashk\u00eb me Kristian Bo\u00e7in dhe Vladimir Avramin.<\/p>\n<p>Prokuroria u bllokoi rreth 50 milion euro pasuri q\u00eb ishte investuar kryesisht n\u00eb nd\u00ebrtim, pasi parat\u00eb kishin origjin\u00eb t\u00eb dyshimt\u00eb. Por sekuestro u hoq disa dit\u00eb m\u00eb von\u00eb kur prokurorja e Apelit, Arta Marku u riktheu pronat t\u00eb akuzuarve.<\/p>\n<p>M\u00ebngjesin e 6 Dhjetorit, agjent\u00ebt e BKH-s\u00eb me urdh\u00ebr t\u00eb SPAk ushtruan kontrolle n\u00eb 6 individ\u00eb, mes t\u00eb cil\u00ebve dhe Ajola Xoxa dhe Arb\u00ebr Veliaj, bashk\u00ebshortja dhe v\u00ebllai i kryebashkiakut t\u00eb Tiran\u00ebs.<\/p>\n<p>Kontrollet u ushtruar n\u00eb zyrat e galeris\u00eb \u201cHarabel\u201d, fondacion i themeluar n\u00eb vitin 2018 nga artisti Driant Zeneli dhe \u201cpromotorja kulturore\u201d Ajola Xoxa. Gjithashtu, kontrolle u ushtruan edhe n\u00eb sht\u00ebpin\u00eb e prind\u00ebrve t\u00eb Xox\u00ebs, fakt ky i pranuar edhe nga Erion Veliaj n\u00eb nj\u00eb reagim publik mbi hetimet.<\/p>\n<p>Ve\u00e7 kontrolleve, SPAK urdh\u00ebroi dhe sekuestrimin e telefonit t\u00eb Ajola Xox\u00ebs dhe Arb\u00ebr Veliajt.<\/p>\n<p>Dit\u00ebn e djeshme, Gjykata e Posa\u00e7me e Apelit rr\u00ebzoi ankimin e b\u00ebr\u00eb nga Ajola Xoxa dhe Arb\u00ebr Veliaj, t\u00eb cil\u00ebt kund\u00ebrshtonin veprimet e SPAK dhe GJKKO, n\u00eb lidhje me kontrollin e ushtruar m\u00ebngjesin e 6 Dhjetorit<\/p>\n<p>Pak dit\u00eb m\u00eb par\u00eb, GJKKO refuzoi dhe k\u00ebrkes\u00ebn e tyre p\u00ebr t\u2019ju kthyer sendet e sekuestruara nga SPAK gjat\u00eb kontrollit personal dhe disa ambienteve n\u00eb pron\u00ebsi t\u00eb tyre.<\/p>\n","protected":false},"excerpt":{"rendered":"<p>Kryebashkiaku i Tiran\u00ebs Erion Veliaj u paraqit m\u00ebngjesin e k\u00ebsaj t\u00eb enjte (26 dhjetor 2024) n\u00eb SPAK. M\u00ebsohet se Veliaj do t\u00eb jap\u00eb deklarime n\u00eb lidhje me hetimin e regjistuar nga SPAK p\u00ebr vepr\u00ebn penale t\u00eb \u201ckorrupsionit pasiv t\u00eb funksionar\u00ebve t\u00eb lart\u00eb shtet\u00ebrore dhe t\u00eb zgjedhurve vendor\u00eb\u201d. Hetimet po ndiqen nga prokurori Ols Dado. Referuar &hellip;<\/p>\n","protected":false},"author":4,"featured_media":99908,"comment_status":"closed","ping_status":"closed","sticky":false,"template":"","format":"standard","meta":{"footnotes":""},"categories":[37],"tags":[],"class_list":["post-99907","post","type-post","status-publish","format-standard","has-post-thumbnail","","category-politike"],"_links":{"self":[{"href":"https:\/\/rdnews.al\/index.php\/wp-json\/wp\/v2\/posts\/99907","targetHints":{"allow":["GET"]}}],"collection":[{"href":"https:\/\/rdnews.al\/index.php\/wp-json\/wp\/v2\/posts"}],"about":[{"href":"https:\/\/rdnews.al\/index.php\/wp-json\/wp\/v2\/types\/post"}],"author":[{"embeddable":true,"href":"https:\/\/rdnews.al\/index.php\/wp-json\/wp\/v2\/users\/4"}],"replies":[{"embeddable":true,"href":"https:\/\/rdnews.al\/index.php\/wp-json\/wp\/v2\/comments?post=99907"}],"version-history":[{"count":1,"href":"https:\/\/rdnews.al\/index.php\/wp-json\/wp\/v2\/posts\/99907\/revisions"}],"predecessor-version":[{"id":99909,"href":"https:\/\/rdnews.al\/index.php\/wp-json\/wp\/v2\/posts\/99907\/revisions\/99909"}],"wp:featuredmedia":[{"embeddable":true,"href":"https:\/\/rdnews.al\/index.php\/wp-json\/wp\/v2\/media\/99908"}],"wp:attachment":[{"href":"https:\/\/rdnews.al\/index.php\/wp-json\/wp\/v2\/media?parent=99907"}],"wp:term":[{"taxonomy":"category","embeddable":true,"href":"https:\/\/rdnews.al\/index.php\/wp-json\/wp\/v2\/categories?post=99907"},{"taxonomy":"post_tag","embeddable":true,"href":"https:\/\/rdnews.al\/index.php\/wp-json\/wp\/v2\/tags?post=99907"}],"curies":[{"name":"wp","href":"https:\/\/api.w.org\/{rel}","templated":true}]}}